{"id":16016,"date":"2026-09-03T14:03:43","date_gmt":"2026-09-03T20:03:43","guid":{"rendered":"https:\/\/despertadormx.mx\/?p=16016"},"modified":"2026-09-04T14:04:35","modified_gmt":"2026-09-04T20:04:35","slug":"alcaraz-avanza-firme-remonta-ante-faria","status":"publish","type":"post","link":"https:\/\/despertadormx.mx\/index.php\/2026\/09\/03\/alcaraz-avanza-firme-remonta-ante-faria\/","title":{"rendered":"Alcaraz avanza firme remonta ante Faria"},"content":{"rendered":"\n<p class=\"wp-block-paragraph\">Carlos Alcaraz avanz\u00f3 a la tercera ronda del US Open despu\u00e9s de remontar y derrotar al portugu\u00e9s Jaime Faria por 4-6, 6-0, 6-3 y 6-2. El espa\u00f1ol, vigente campe\u00f3n del torneo, disput\u00f3 apenas su segundo partido despu\u00e9s de permanecer m\u00e1s de cuatro meses fuera de competencia por una lesi\u00f3n de mu\u00f1eca.Faria sorprendi\u00f3 al quedarse con el primer set, pero Alcaraz reaccion\u00f3 inmediatamente y respondi\u00f3 con un contundente 6-0 en el segundo. El espa\u00f1ol mantuvo el control durante los siguientes parciales para superar una prueba m\u00e1s exigente que la de su debut ante el ruso Roman Safiullin.El triunfo permite a Alcaraz continuar recuperando ritmo mientras busca defender el t\u00edtulo conquistado en Nueva York. Su siguiente rival ser\u00e1 el chino Wu Yibing, n\u00famero 113 del ranking mundial, a quien ya derrot\u00f3 en el \u00fanico enfrentamiento previo entre ambos, disputado durante la temporada 2024.<\/p>\n","protected":false},"excerpt":{"rendered":"<p>Carlos Alcaraz avanz\u00f3 a la tercera ronda del US Open despu\u00e9s de remontar y derrotar al portugu\u00e9s Jaime Faria por 4-6, 6-0, 6-3 y 6-2. El espa\u00f1ol, vigente campe\u00f3n del torneo, disput\u00f3 apenas su segundo partido despu\u00e9s de permanecer m\u00e1s de cuatro meses fuera de competencia por una lesi\u00f3n de mu\u00f1eca.Faria sorprendi\u00f3 al quedarse con [&hellip;]<\/p>\n","protected":false},"author":1,"featured_media":16004,"comment_status":"open","ping_status":"open","sticky":false,"template":"","format":"standard","meta":{"footnotes":""},"categories":[1140],"tags":[],"class_list":["post-16016","post","type-post","status-publish","format-standard","has-post-thumbnail","hentry","category-deportes"],"yoast_head":"<!-- This site is optimized with the Yoast SEO plugin v28.2 - https:\/\/yoast.com\/product\/yoast-seo-wordpress\/ -->\n<title>Alcaraz avanza firme remonta ante Faria | despertador mx<\/title>\n<meta name=\"robots\" content=\"index, follow, max-snippet:-1, max-image-preview:large, max-video-preview:-1\" \/>\n<link rel=\"canonical\" href=\"https:\/\/despertadormx.mx\/index.php\/2026\/09\/03\/alcaraz-avanza-firme-remonta-ante-faria\/\" \/>\n<meta property=\"og:locale\" content=\"es_MX\" \/>\n<meta property=\"og:type\" content=\"article\" \/>\n<meta property=\"og:title\" content=\"Alcaraz avanza firme remonta ante Faria | despertador mx\" \/>\n<meta property=\"og:description\" content=\"Carlos Alcaraz avanz\u00f3 a la tercera ronda del US Open despu\u00e9s de remontar y derrotar al portugu\u00e9s Jaime Faria por 4-6, 6-0, 6-3 y 6-2. El espa\u00f1ol, vigente campe\u00f3n del torneo, disput\u00f3 apenas su segundo partido despu\u00e9s de permanecer m\u00e1s de cuatro meses fuera de competencia por una lesi\u00f3n de mu\u00f1eca.Faria sorprendi\u00f3 al quedarse con [&hellip;]\" \/>\n<meta property=\"og:url\" content=\"https:\/\/despertadormx.mx\/index.php\/2026\/09\/03\/alcaraz-avanza-firme-remonta-ante-faria\/\" \/>\n<meta property=\"og:site_name\" content=\"despertador mx\" \/>\n<meta property=\"article:publisher\" content=\"https:\/\/www.facebook.com\/despertadom\" \/>\n<meta property=\"article:published_time\" content=\"2026-09-03T20:03:43+00:00\" \/>\n<meta property=\"article:modified_time\" content=\"2026-09-04T20:04:35+00:00\" \/>\n<meta property=\"og:image\" content=\"https:\/\/despertadormx.mx\/wp-content\/uploads\/2026\/09\/51.png\" \/>\n\t<meta property=\"og:image:width\" content=\"1200\" \/>\n\t<meta property=\"og:image:height\" content=\"722\" \/>\n\t<meta property=\"og:image:type\" content=\"image\/png\" \/>\n<meta name=\"author\" content=\"despertadormx.com\" \/>\n<meta name=\"twitter:card\" content=\"summary_large_image\" \/>\n<meta name=\"twitter:label1\" content=\"Escrito por\" \/>\n\t<meta name=\"twitter:data1\" content=\"despertadormx.com\" \/>\n\t<meta name=\"twitter:label2\" content=\"Tiempo de lectura\" \/>\n\t<meta name=\"twitter:data2\" content=\"1 minuto\" \/>\n<script type=\"application\/ld+json\" class=\"yoast-schema-graph\">{\"@context\":\"https:\\\/\\\/schema.org\",\"@graph\":[{\"@type\":\"Article\",\"@id\":\"https:\\\/\\\/despertadormx.mx\\\/index.php\\\/2026\\\/09\\\/03\\\/alcaraz-avanza-firme-remonta-ante-faria\\\/#article\",\"isPartOf\":{\"@id\":\"https:\\\/\\\/despertadormx.mx\\\/index.php\\\/2026\\\/09\\\/03\\\/alcaraz-avanza-firme-remonta-ante-faria\\\/\"},\"author\":{\"name\":\"despertadormx.com\",\"@id\":\"https:\\\/\\\/despertadormx.mx\\\/#\\\/schema\\\/person\\\/130b3808b7cb2ae87c9b8ed44afef513\"},\"headline\":\"Alcaraz avanza firme remonta ante Faria\",\"datePublished\":\"2026-09-03T20:03:43+00:00\",\"dateModified\":\"2026-09-04T20:04:35+00:00\",\"mainEntityOfPage\":{\"@id\":\"https:\\\/\\\/despertadormx.mx\\\/index.php\\\/2026\\\/09\\\/03\\\/alcaraz-avanza-firme-remonta-ante-faria\\\/\"},\"wordCount\":159,\"commentCount\":0,\"publisher\":{\"@id\":\"https:\\\/\\\/despertadormx.mx\\\/#organization\"},\"image\":{\"@id\":\"https:\\\/\\\/despertadormx.mx\\\/index.php\\\/2026\\\/09\\\/03\\\/alcaraz-avanza-firme-remonta-ante-faria\\\/#primaryimage\"},\"thumbnailUrl\":\"https:\\\/\\\/despertadormx.mx\\\/wp-content\\\/uploads\\\/2026\\\/09\\\/51.png\",\"articleSection\":[\"Deportes\"],\"inLanguage\":\"es\",\"potentialAction\":[{\"@type\":\"CommentAction\",\"name\":\"Comment\",\"target\":[\"https:\\\/\\\/despertadormx.mx\\\/index.php\\\/2026\\\/09\\\/03\\\/alcaraz-avanza-firme-remonta-ante-faria\\\/#respond\"]}]},{\"@type\":\"WebPage\",\"@id\":\"https:\\\/\\\/despertadormx.mx\\\/index.php\\\/2026\\\/09\\\/03\\\/alcaraz-avanza-firme-remonta-ante-faria\\\/\",\"url\":\"https:\\\/\\\/despertadormx.mx\\\/index.php\\\/2026\\\/09\\\/03\\\/alcaraz-avanza-firme-remonta-ante-faria\\\/\",\"name\":\"Alcaraz avanza firme remonta ante Faria | despertador mx\",\"isPartOf\":{\"@id\":\"https:\\\/\\\/despertadormx.mx\\\/#website\"},\"primaryImageOfPage\":{\"@id\":\"https:\\\/\\\/despertadormx.mx\\\/index.php\\\/2026\\\/09\\\/03\\\/alcaraz-avanza-firme-remonta-ante-faria\\\/#primaryimage\"},\"image\":{\"@id\":\"https:\\\/\\\/despertadormx.mx\\\/index.php\\\/2026\\\/09\\\/03\\\/alcaraz-avanza-firme-remonta-ante-faria\\\/#primaryimage\"},\"thumbnailUrl\":\"https:\\\/\\\/despertadormx.mx\\\/wp-content\\\/uploads\\\/2026\\\/09\\\/51.png\",\"datePublished\":\"2026-09-03T20:03:43+00:00\",\"dateModified\":\"2026-09-04T20:04:35+00:00\",\"breadcrumb\":{\"@id\":\"https:\\\/\\\/despertadormx.mx\\\/index.php\\\/2026\\\/09\\\/03\\\/alcaraz-avanza-firme-remonta-ante-faria\\\/#breadcrumb\"},\"inLanguage\":\"es\",\"potentialAction\":[{\"@type\":\"ReadAction\",\"target\":[\"https:\\\/\\\/despertadormx.mx\\\/index.php\\\/2026\\\/09\\\/03\\\/alcaraz-avanza-firme-remonta-ante-faria\\\/\"]}]},{\"@type\":\"ImageObject\",\"inLanguage\":\"es\",\"@id\":\"https:\\\/\\\/despertadormx.mx\\\/index.php\\\/2026\\\/09\\\/03\\\/alcaraz-avanza-firme-remonta-ante-faria\\\/#primaryimage\",\"url\":\"https:\\\/\\\/despertadormx.mx\\\/wp-content\\\/uploads\\\/2026\\\/09\\\/51.png\",\"contentUrl\":\"https:\\\/\\\/despertadormx.mx\\\/wp-content\\\/uploads\\\/2026\\\/09\\\/51.png\",\"width\":1200,\"height\":722},{\"@type\":\"BreadcrumbList\",\"@id\":\"https:\\\/\\\/despertadormx.mx\\\/index.php\\\/2026\\\/09\\\/03\\\/alcaraz-avanza-firme-remonta-ante-faria\\\/#breadcrumb\",\"itemListElement\":[{\"@type\":\"ListItem\",\"position\":1,\"name\":\"Inicio\",\"item\":\"https:\\\/\\\/despertadormx.mx\\\/\"},{\"@type\":\"ListItem\",\"position\":2,\"name\":\"Alcaraz avanza firme remonta ante Faria\"}]},{\"@type\":\"WebSite\",\"@id\":\"https:\\\/\\\/despertadormx.mx\\\/#website\",\"url\":\"https:\\\/\\\/despertadormx.mx\\\/\",\"name\":\"despertador mx\",\"description\":\"\",\"publisher\":{\"@id\":\"https:\\\/\\\/despertadormx.mx\\\/#organization\"},\"potentialAction\":[{\"@type\":\"SearchAction\",\"target\":{\"@type\":\"EntryPoint\",\"urlTemplate\":\"https:\\\/\\\/despertadormx.mx\\\/?s={search_term_string}\"},\"query-input\":{\"@type\":\"PropertyValueSpecification\",\"valueRequired\":true,\"valueName\":\"search_term_string\"}}],\"inLanguage\":\"es\"},{\"@type\":\"Organization\",\"@id\":\"https:\\\/\\\/despertadormx.mx\\\/#organization\",\"name\":\"despertador mx\",\"url\":\"https:\\\/\\\/despertadormx.mx\\\/\",\"logo\":{\"@type\":\"ImageObject\",\"inLanguage\":\"es\",\"@id\":\"https:\\\/\\\/despertadormx.mx\\\/#\\\/schema\\\/logo\\\/image\\\/\",\"url\":\"https:\\\/\\\/despertadormx.mx\\\/wp-content\\\/uploads\\\/2025\\\/05\\\/LOGO-DESPERTADOR-1-scaled.png\",\"contentUrl\":\"https:\\\/\\\/despertadormx.mx\\\/wp-content\\\/uploads\\\/2025\\\/05\\\/LOGO-DESPERTADOR-1-scaled.png\",\"width\":2560,\"height\":2370,\"caption\":\"despertador mx\"},\"image\":{\"@id\":\"https:\\\/\\\/despertadormx.mx\\\/#\\\/schema\\\/logo\\\/image\\\/\"},\"sameAs\":[\"https:\\\/\\\/www.facebook.com\\\/despertadom\",\"https:\\\/\\\/www.instagram.com\\\/despertador.m.x?igsh=MTcwYzRjYjdqMm11cA&utm_source=qr\",\"https:\\\/\\\/www.youtube.com\\\/@despertador.m.x\"]},{\"@type\":\"Person\",\"@id\":\"https:\\\/\\\/despertadormx.mx\\\/#\\\/schema\\\/person\\\/130b3808b7cb2ae87c9b8ed44afef513\",\"name\":\"despertadormx.com\",\"image\":{\"@type\":\"ImageObject\",\"inLanguage\":\"es\",\"@id\":\"https:\\\/\\\/secure.gravatar.com\\\/avatar\\\/f8f56db645af77135d63bea778a5507315c09e61c16020554b24c7c6a10f1221?s=96&d=mm&r=g\",\"url\":\"https:\\\/\\\/secure.gravatar.com\\\/avatar\\\/f8f56db645af77135d63bea778a5507315c09e61c16020554b24c7c6a10f1221?s=96&d=mm&r=g\",\"contentUrl\":\"https:\\\/\\\/secure.gravatar.com\\\/avatar\\\/f8f56db645af77135d63bea778a5507315c09e61c16020554b24c7c6a10f1221?s=96&d=mm&r=g\",\"caption\":\"despertadormx.com\"},\"sameAs\":[\"https:\\\/\\\/despertadormx.mx\"],\"url\":\"https:\\\/\\\/despertadormx.mx\\\/index.php\\\/author\\\/despertadormx-com\\\/\"}]}<\/script>\n<!-- \/ Yoast SEO plugin. -->","yoast_head_json":{"title":"Alcaraz avanza firme remonta ante Faria | despertador mx","robots":{"index":"index","follow":"follow","max-snippet":"max-snippet:-1","max-image-preview":"max-image-preview:large","max-video-preview":"max-video-preview:-1"},"canonical":"https:\/\/despertadormx.mx\/index.php\/2026\/09\/03\/alcaraz-avanza-firme-remonta-ante-faria\/","og_locale":"es_MX","og_type":"article","og_title":"Alcaraz avanza firme remonta ante Faria | despertador mx","og_description":"Carlos Alcaraz avanz\u00f3 a la tercera ronda del US Open despu\u00e9s de remontar y derrotar al portugu\u00e9s Jaime Faria por 4-6, 6-0, 6-3 y 6-2. El espa\u00f1ol, vigente campe\u00f3n del torneo, disput\u00f3 apenas su segundo partido despu\u00e9s de permanecer m\u00e1s de cuatro meses fuera de competencia por una lesi\u00f3n de mu\u00f1eca.Faria sorprendi\u00f3 al quedarse con [&hellip;]","og_url":"https:\/\/despertadormx.mx\/index.php\/2026\/09\/03\/alcaraz-avanza-firme-remonta-ante-faria\/","og_site_name":"despertador mx","article_publisher":"https:\/\/www.facebook.com\/despertadom","article_published_time":"2026-09-03T20:03:43+00:00","article_modified_time":"2026-09-04T20:04:35+00:00","og_image":[{"width":1200,"height":722,"url":"https:\/\/despertadormx.mx\/wp-content\/uploads\/2026\/09\/51.png","type":"image\/png"}],"author":"despertadormx.com","twitter_card":"summary_large_image","twitter_misc":{"Escrito por":"despertadormx.com","Tiempo de lectura":"1 minuto"},"schema":{"@context":"https:\/\/schema.org","@graph":[{"@type":"Article","@id":"https:\/\/despertadormx.mx\/index.php\/2026\/09\/03\/alcaraz-avanza-firme-remonta-ante-faria\/#article","isPartOf":{"@id":"https:\/\/despertadormx.mx\/index.php\/2026\/09\/03\/alcaraz-avanza-firme-remonta-ante-faria\/"},"author":{"name":"despertadormx.com","@id":"https:\/\/despertadormx.mx\/#\/schema\/person\/130b3808b7cb2ae87c9b8ed44afef513"},"headline":"Alcaraz avanza firme remonta ante Faria","datePublished":"2026-09-03T20:03:43+00:00","dateModified":"2026-09-04T20:04:35+00:00","mainEntityOfPage":{"@id":"https:\/\/despertadormx.mx\/index.php\/2026\/09\/03\/alcaraz-avanza-firme-remonta-ante-faria\/"},"wordCount":159,"commentCount":0,"publisher":{"@id":"https:\/\/despertadormx.mx\/#organization"},"image":{"@id":"https:\/\/despertadormx.mx\/index.php\/2026\/09\/03\/alcaraz-avanza-firme-remonta-ante-faria\/#primaryimage"},"thumbnailUrl":"https:\/\/despertadormx.mx\/wp-content\/uploads\/2026\/09\/51.png","articleSection":["Deportes"],"inLanguage":"es","potentialAction":[{"@type":"CommentAction","name":"Comment","target":["https:\/\/despertadormx.mx\/index.php\/2026\/09\/03\/alcaraz-avanza-firme-remonta-ante-faria\/#respond"]}]},{"@type":"WebPage","@id":"https:\/\/despertadormx.mx\/index.php\/2026\/09\/03\/alcaraz-avanza-firme-remonta-ante-faria\/","url":"https:\/\/despertadormx.mx\/index.php\/2026\/09\/03\/alcaraz-avanza-firme-remonta-ante-faria\/","name":"Alcaraz avanza firme remonta ante Faria | despertador mx","isPartOf":{"@id":"https:\/\/despertadormx.mx\/#website"},"primaryImageOfPage":{"@id":"https:\/\/despertadormx.mx\/index.php\/2026\/09\/03\/alcaraz-avanza-firme-remonta-ante-faria\/#primaryimage"},"image":{"@id":"https:\/\/despertadormx.mx\/index.php\/2026\/09\/03\/alcaraz-avanza-firme-remonta-ante-faria\/#primaryimage"},"thumbnailUrl":"https:\/\/despertadormx.mx\/wp-content\/uploads\/2026\/09\/51.png","datePublished":"2026-09-03T20:03:43+00:00","dateModified":"2026-09-04T20:04:35+00:00","breadcrumb":{"@id":"https:\/\/despertadormx.mx\/index.php\/2026\/09\/03\/alcaraz-avanza-firme-remonta-ante-faria\/#breadcrumb"},"inLanguage":"es","potentialAction":[{"@type":"ReadAction","target":["https:\/\/despertadormx.mx\/index.php\/2026\/09\/03\/alcaraz-avanza-firme-remonta-ante-faria\/"]}]},{"@type":"ImageObject","inLanguage":"es","@id":"https:\/\/despertadormx.mx\/index.php\/2026\/09\/03\/alcaraz-avanza-firme-remonta-ante-faria\/#primaryimage","url":"https:\/\/despertadormx.mx\/wp-content\/uploads\/2026\/09\/51.png","contentUrl":"https:\/\/despertadormx.mx\/wp-content\/uploads\/2026\/09\/51.png","width":1200,"height":722},{"@type":"BreadcrumbList","@id":"https:\/\/despertadormx.mx\/index.php\/2026\/09\/03\/alcaraz-avanza-firme-remonta-ante-faria\/#breadcrumb","itemListElement":[{"@type":"ListItem","position":1,"name":"Inicio","item":"https:\/\/despertadormx.mx\/"},{"@type":"ListItem","position":2,"name":"Alcaraz avanza firme remonta ante Faria"}]},{"@type":"WebSite","@id":"https:\/\/despertadormx.mx\/#website","url":"https:\/\/despertadormx.mx\/","name":"despertador mx","description":"","publisher":{"@id":"https:\/\/despertadormx.mx\/#organization"},"potentialAction":[{"@type":"SearchAction","target":{"@type":"EntryPoint","urlTemplate":"https:\/\/despertadormx.mx\/?s={search_term_string}"},"query-input":{"@type":"PropertyValueSpecification","valueRequired":true,"valueName":"search_term_string"}}],"inLanguage":"es"},{"@type":"Organization","@id":"https:\/\/despertadormx.mx\/#organization","name":"despertador mx","url":"https:\/\/despertadormx.mx\/","logo":{"@type":"ImageObject","inLanguage":"es","@id":"https:\/\/despertadormx.mx\/#\/schema\/logo\/image\/","url":"https:\/\/despertadormx.mx\/wp-content\/uploads\/2025\/05\/LOGO-DESPERTADOR-1-scaled.png","contentUrl":"https:\/\/despertadormx.mx\/wp-content\/uploads\/2025\/05\/LOGO-DESPERTADOR-1-scaled.png","width":2560,"height":2370,"caption":"despertador mx"},"image":{"@id":"https:\/\/despertadormx.mx\/#\/schema\/logo\/image\/"},"sameAs":["https:\/\/www.facebook.com\/despertadom","https:\/\/www.instagram.com\/despertador.m.x?igsh=MTcwYzRjYjdqMm11cA&utm_source=qr","https:\/\/www.youtube.com\/@despertador.m.x"]},{"@type":"Person","@id":"https:\/\/despertadormx.mx\/#\/schema\/person\/130b3808b7cb2ae87c9b8ed44afef513","name":"despertadormx.com","image":{"@type":"ImageObject","inLanguage":"es","@id":"https:\/\/secure.gravatar.com\/avatar\/f8f56db645af77135d63bea778a5507315c09e61c16020554b24c7c6a10f1221?s=96&d=mm&r=g","url":"https:\/\/secure.gravatar.com\/avatar\/f8f56db645af77135d63bea778a5507315c09e61c16020554b24c7c6a10f1221?s=96&d=mm&r=g","contentUrl":"https:\/\/secure.gravatar.com\/avatar\/f8f56db645af77135d63bea778a5507315c09e61c16020554b24c7c6a10f1221?s=96&d=mm&r=g","caption":"despertadormx.com"},"sameAs":["https:\/\/despertadormx.mx"],"url":"https:\/\/despertadormx.mx\/index.php\/author\/despertadormx-com\/"}]}},"rttpg_featured_image_url":{"full":["https:\/\/despertadormx.mx\/wp-content\/uploads\/2026\/09\/51.png",1200,722,false],"landscape":["https:\/\/despertadormx.mx\/wp-content\/uploads\/2026\/09\/51.png",1200,722,false],"portraits":["https:\/\/despertadormx.mx\/wp-content\/uploads\/2026\/09\/51.png",1200,722,false],"thumbnail":["https:\/\/despertadormx.mx\/wp-content\/uploads\/2026\/09\/51-150x150.png",150,150,true],"medium":["https:\/\/despertadormx.mx\/wp-content\/uploads\/2026\/09\/51-300x181.png",300,181,true],"large":["https:\/\/despertadormx.mx\/wp-content\/uploads\/2026\/09\/51-1024x616.png",640,385,true],"1536x1536":["https:\/\/despertadormx.mx\/wp-content\/uploads\/2026\/09\/51.png",1200,722,false],"2048x2048":["https:\/\/despertadormx.mx\/wp-content\/uploads\/2026\/09\/51.png",1200,722,false],"newsup-slider-full":["https:\/\/despertadormx.mx\/wp-content\/uploads\/2026\/09\/51-1200x720.png",1200,720,true],"newsup-featured":["https:\/\/despertadormx.mx\/wp-content\/uploads\/2026\/09\/51-1024x616.png",1024,616,true],"newsup-medium":["https:\/\/despertadormx.mx\/wp-content\/uploads\/2026\/09\/51-720x380.png",720,380,true]},"rttpg_author":{"display_name":"despertadormx.com","author_link":"https:\/\/despertadormx.mx\/index.php\/author\/despertadormx-com\/"},"rttpg_comment":0,"rttpg_category":"<a href=\"https:\/\/despertadormx.mx\/index.php\/category\/deportes\/\" rel=\"category tag\">Deportes<\/a>","rttpg_excerpt":"Carlos Alcaraz avanz\u00f3 a la tercera ronda del US Open despu\u00e9s de remontar y derrotar al portugu\u00e9s Jaime Faria por 4-6, 6-0, 6-3 y 6-2. El espa\u00f1ol, vigente campe\u00f3n del torneo, disput\u00f3 apenas su segundo partido despu\u00e9s de permanecer m\u00e1s de cuatro meses fuera de competencia por una lesi\u00f3n de mu\u00f1eca.Faria sorprendi\u00f3 al quedarse con&hellip;","_links":{"self":[{"href":"https:\/\/despertadormx.mx\/index.php\/wp-json\/wp\/v2\/posts\/16016","targetHints":{"allow":["GET"]}}],"collection":[{"href":"https:\/\/despertadormx.mx\/index.php\/wp-json\/wp\/v2\/posts"}],"about":[{"href":"https:\/\/despertadormx.mx\/index.php\/wp-json\/wp\/v2\/types\/post"}],"author":[{"embeddable":true,"href":"https:\/\/despertadormx.mx\/index.php\/wp-json\/wp\/v2\/users\/1"}],"replies":[{"embeddable":true,"href":"https:\/\/despertadormx.mx\/index.php\/wp-json\/wp\/v2\/comments?post=16016"}],"version-history":[{"count":1,"href":"https:\/\/despertadormx.mx\/index.php\/wp-json\/wp\/v2\/posts\/16016\/revisions"}],"predecessor-version":[{"id":16017,"href":"https:\/\/despertadormx.mx\/index.php\/wp-json\/wp\/v2\/posts\/16016\/revisions\/16017"}],"wp:featuredmedia":[{"embeddable":true,"href":"https:\/\/despertadormx.mx\/index.php\/wp-json\/wp\/v2\/media\/16004"}],"wp:attachment":[{"href":"https:\/\/despertadormx.mx\/index.php\/wp-json\/wp\/v2\/media?parent=16016"}],"wp:term":[{"taxonomy":"category","embeddable":true,"href":"https:\/\/despertadormx.mx\/index.php\/wp-json\/wp\/v2\/categories?post=16016"},{"taxonomy":"post_tag","embeddable":true,"href":"https:\/\/despertadormx.mx\/index.php\/wp-json\/wp\/v2\/tags?post=16016"}],"curies":[{"name":"wp","href":"https:\/\/api.w.org\/{rel}","templated":true}]}}