{"id":16002,"date":"2026-09-03T13:52:06","date_gmt":"2026-09-03T19:52:06","guid":{"rendered":"https:\/\/despertadormx.mx\/?p=16002"},"modified":"2026-09-04T13:58:48","modified_gmt":"2026-09-04T19:58:48","slug":"sheinbaum-recibe-a-gustavo-petro-dialogan-sobre-injerencia-electoral","status":"publish","type":"post","link":"https:\/\/despertadormx.mx\/index.php\/2026\/09\/03\/sheinbaum-recibe-a-gustavo-petro-dialogan-sobre-injerencia-electoral\/","title":{"rendered":"Sheinbaum recibe a Gustavo Petro dialogan sobre injerencia electoral"},"content":{"rendered":"\n<p class=\"wp-block-paragraph\">La presidenta Claudia Sheinbaum se reuni\u00f3 en Palacio Nacional con el exmandatario colombiano Gustavo Petro, con quien abord\u00f3 los riesgos de injerencia de Estados Unidos en procesos electorales de Am\u00e9rica Latina. Petro se\u00f1al\u00f3 que pidi\u00f3 a M\u00e9xico observar con atenci\u00f3n los pr\u00f3ximos comicios en la regi\u00f3n, incluidos Brasil y las elecciones mexicanas de 2027 y 2030.<\/p>\n\n\n\n<p class=\"wp-block-paragraph\">Tras el encuentro, Petro afirm\u00f3 que Sheinbaum le propuso permanecer un tiempo en M\u00e9xico para realizar actividades acad\u00e9micas e intelectuales, invitaci\u00f3n que rechaz\u00f3 al se\u00f1alar que decidi\u00f3 vivir en Colombia. Posteriormente se traslad\u00f3 a la UNAM, donde ofreci\u00f3 una conferencia magistral sobre econom\u00eda pol\u00edtica y crisis clim\u00e1tica.<\/p>\n\n\n\n<p class=\"wp-block-paragraph\">Durante su intervenci\u00f3n universitaria, Petro advirti\u00f3 sobre lo que llam\u00f3 una tendencia hacia el \u201ctecnofascismo\u201d y cuestion\u00f3 proyectos orientados a la apropiaci\u00f3n de recursos naturales. Tambi\u00e9n vincul\u00f3 los riesgos pol\u00edticos regionales con intereses internacionales y pidi\u00f3 fortalecer la vigilancia democr\u00e1tica frente a posibles interferencias externas.<\/p>\n","protected":false},"excerpt":{"rendered":"<p>La presidenta Claudia Sheinbaum se reuni\u00f3 en Palacio Nacional con el exmandatario colombiano Gustavo Petro, con quien abord\u00f3 los riesgos de injerencia de Estados Unidos en procesos electorales de Am\u00e9rica Latina. Petro se\u00f1al\u00f3 que pidi\u00f3 a M\u00e9xico observar con atenci\u00f3n los pr\u00f3ximos comicios en la regi\u00f3n, incluidos Brasil y las elecciones mexicanas de 2027 y [&hellip;]<\/p>\n","protected":false},"author":1,"featured_media":16008,"comment_status":"open","ping_status":"open","sticky":false,"template":"","format":"standard","meta":{"footnotes":""},"categories":[1144],"tags":[],"class_list":["post-16002","post","type-post","status-publish","format-standard","has-post-thumbnail","hentry","category-politica-nacional"],"yoast_head":"<!-- This site is optimized with the Yoast SEO plugin v28.2 - https:\/\/yoast.com\/product\/yoast-seo-wordpress\/ -->\n<title>Sheinbaum recibe a Gustavo Petro dialogan sobre injerencia electoral | despertador mx<\/title>\n<meta name=\"robots\" content=\"index, follow, max-snippet:-1, max-image-preview:large, max-video-preview:-1\" \/>\n<link rel=\"canonical\" href=\"https:\/\/despertadormx.mx\/index.php\/2026\/09\/03\/sheinbaum-recibe-a-gustavo-petro-dialogan-sobre-injerencia-electoral\/\" \/>\n<meta property=\"og:locale\" content=\"es_MX\" \/>\n<meta property=\"og:type\" content=\"article\" \/>\n<meta property=\"og:title\" content=\"Sheinbaum recibe a Gustavo Petro dialogan sobre injerencia electoral | despertador mx\" \/>\n<meta property=\"og:description\" content=\"La presidenta Claudia Sheinbaum se reuni\u00f3 en Palacio Nacional con el exmandatario colombiano Gustavo Petro, con quien abord\u00f3 los riesgos de injerencia de Estados Unidos en procesos electorales de Am\u00e9rica Latina. Petro se\u00f1al\u00f3 que pidi\u00f3 a M\u00e9xico observar con atenci\u00f3n los pr\u00f3ximos comicios en la regi\u00f3n, incluidos Brasil y las elecciones mexicanas de 2027 y [&hellip;]\" \/>\n<meta property=\"og:url\" content=\"https:\/\/despertadormx.mx\/index.php\/2026\/09\/03\/sheinbaum-recibe-a-gustavo-petro-dialogan-sobre-injerencia-electoral\/\" \/>\n<meta property=\"og:site_name\" content=\"despertador mx\" \/>\n<meta property=\"article:publisher\" content=\"https:\/\/www.facebook.com\/despertadom\" \/>\n<meta property=\"article:published_time\" content=\"2026-09-03T19:52:06+00:00\" \/>\n<meta property=\"article:modified_time\" content=\"2026-09-04T19:58:48+00:00\" \/>\n<meta property=\"og:image\" content=\"https:\/\/despertadormx.mx\/wp-content\/uploads\/2026\/09\/11.png\" \/>\n\t<meta property=\"og:image:width\" content=\"1200\" \/>\n\t<meta property=\"og:image:height\" content=\"722\" \/>\n\t<meta property=\"og:image:type\" content=\"image\/png\" \/>\n<meta name=\"author\" content=\"despertadormx.com\" \/>\n<meta name=\"twitter:card\" content=\"summary_large_image\" \/>\n<meta name=\"twitter:label1\" content=\"Escrito por\" \/>\n\t<meta name=\"twitter:data1\" content=\"despertadormx.com\" \/>\n\t<meta name=\"twitter:label2\" content=\"Tiempo de lectura\" \/>\n\t<meta name=\"twitter:data2\" content=\"1 minuto\" \/>\n<script type=\"application\/ld+json\" class=\"yoast-schema-graph\">{\"@context\":\"https:\\\/\\\/schema.org\",\"@graph\":[{\"@type\":\"Article\",\"@id\":\"https:\\\/\\\/despertadormx.mx\\\/index.php\\\/2026\\\/09\\\/03\\\/sheinbaum-recibe-a-gustavo-petro-dialogan-sobre-injerencia-electoral\\\/#article\",\"isPartOf\":{\"@id\":\"https:\\\/\\\/despertadormx.mx\\\/index.php\\\/2026\\\/09\\\/03\\\/sheinbaum-recibe-a-gustavo-petro-dialogan-sobre-injerencia-electoral\\\/\"},\"author\":{\"name\":\"despertadormx.com\",\"@id\":\"https:\\\/\\\/despertadormx.mx\\\/#\\\/schema\\\/person\\\/130b3808b7cb2ae87c9b8ed44afef513\"},\"headline\":\"Sheinbaum recibe a Gustavo Petro dialogan sobre injerencia electoral\",\"datePublished\":\"2026-09-03T19:52:06+00:00\",\"dateModified\":\"2026-09-04T19:58:48+00:00\",\"mainEntityOfPage\":{\"@id\":\"https:\\\/\\\/despertadormx.mx\\\/index.php\\\/2026\\\/09\\\/03\\\/sheinbaum-recibe-a-gustavo-petro-dialogan-sobre-injerencia-electoral\\\/\"},\"wordCount\":173,\"commentCount\":0,\"publisher\":{\"@id\":\"https:\\\/\\\/despertadormx.mx\\\/#organization\"},\"image\":{\"@id\":\"https:\\\/\\\/despertadormx.mx\\\/index.php\\\/2026\\\/09\\\/03\\\/sheinbaum-recibe-a-gustavo-petro-dialogan-sobre-injerencia-electoral\\\/#primaryimage\"},\"thumbnailUrl\":\"https:\\\/\\\/despertadormx.mx\\\/wp-content\\\/uploads\\\/2026\\\/09\\\/11.png\",\"articleSection\":[\"Pol\u00edtica Nacional\"],\"inLanguage\":\"es\",\"potentialAction\":[{\"@type\":\"CommentAction\",\"name\":\"Comment\",\"target\":[\"https:\\\/\\\/despertadormx.mx\\\/index.php\\\/2026\\\/09\\\/03\\\/sheinbaum-recibe-a-gustavo-petro-dialogan-sobre-injerencia-electoral\\\/#respond\"]}]},{\"@type\":\"WebPage\",\"@id\":\"https:\\\/\\\/despertadormx.mx\\\/index.php\\\/2026\\\/09\\\/03\\\/sheinbaum-recibe-a-gustavo-petro-dialogan-sobre-injerencia-electoral\\\/\",\"url\":\"https:\\\/\\\/despertadormx.mx\\\/index.php\\\/2026\\\/09\\\/03\\\/sheinbaum-recibe-a-gustavo-petro-dialogan-sobre-injerencia-electoral\\\/\",\"name\":\"Sheinbaum recibe a Gustavo Petro dialogan sobre injerencia electoral | despertador mx\",\"isPartOf\":{\"@id\":\"https:\\\/\\\/despertadormx.mx\\\/#website\"},\"primaryImageOfPage\":{\"@id\":\"https:\\\/\\\/despertadormx.mx\\\/index.php\\\/2026\\\/09\\\/03\\\/sheinbaum-recibe-a-gustavo-petro-dialogan-sobre-injerencia-electoral\\\/#primaryimage\"},\"image\":{\"@id\":\"https:\\\/\\\/despertadormx.mx\\\/index.php\\\/2026\\\/09\\\/03\\\/sheinbaum-recibe-a-gustavo-petro-dialogan-sobre-injerencia-electoral\\\/#primaryimage\"},\"thumbnailUrl\":\"https:\\\/\\\/despertadormx.mx\\\/wp-content\\\/uploads\\\/2026\\\/09\\\/11.png\",\"datePublished\":\"2026-09-03T19:52:06+00:00\",\"dateModified\":\"2026-09-04T19:58:48+00:00\",\"breadcrumb\":{\"@id\":\"https:\\\/\\\/despertadormx.mx\\\/index.php\\\/2026\\\/09\\\/03\\\/sheinbaum-recibe-a-gustavo-petro-dialogan-sobre-injerencia-electoral\\\/#breadcrumb\"},\"inLanguage\":\"es\",\"potentialAction\":[{\"@type\":\"ReadAction\",\"target\":[\"https:\\\/\\\/despertadormx.mx\\\/index.php\\\/2026\\\/09\\\/03\\\/sheinbaum-recibe-a-gustavo-petro-dialogan-sobre-injerencia-electoral\\\/\"]}]},{\"@type\":\"ImageObject\",\"inLanguage\":\"es\",\"@id\":\"https:\\\/\\\/despertadormx.mx\\\/index.php\\\/2026\\\/09\\\/03\\\/sheinbaum-recibe-a-gustavo-petro-dialogan-sobre-injerencia-electoral\\\/#primaryimage\",\"url\":\"https:\\\/\\\/despertadormx.mx\\\/wp-content\\\/uploads\\\/2026\\\/09\\\/11.png\",\"contentUrl\":\"https:\\\/\\\/despertadormx.mx\\\/wp-content\\\/uploads\\\/2026\\\/09\\\/11.png\",\"width\":1200,\"height\":722},{\"@type\":\"BreadcrumbList\",\"@id\":\"https:\\\/\\\/despertadormx.mx\\\/index.php\\\/2026\\\/09\\\/03\\\/sheinbaum-recibe-a-gustavo-petro-dialogan-sobre-injerencia-electoral\\\/#breadcrumb\",\"itemListElement\":[{\"@type\":\"ListItem\",\"position\":1,\"name\":\"Inicio\",\"item\":\"https:\\\/\\\/despertadormx.mx\\\/\"},{\"@type\":\"ListItem\",\"position\":2,\"name\":\"Sheinbaum recibe a Gustavo Petro dialogan sobre injerencia electoral\"}]},{\"@type\":\"WebSite\",\"@id\":\"https:\\\/\\\/despertadormx.mx\\\/#website\",\"url\":\"https:\\\/\\\/despertadormx.mx\\\/\",\"name\":\"despertador mx\",\"description\":\"\",\"publisher\":{\"@id\":\"https:\\\/\\\/despertadormx.mx\\\/#organization\"},\"potentialAction\":[{\"@type\":\"SearchAction\",\"target\":{\"@type\":\"EntryPoint\",\"urlTemplate\":\"https:\\\/\\\/despertadormx.mx\\\/?s={search_term_string}\"},\"query-input\":{\"@type\":\"PropertyValueSpecification\",\"valueRequired\":true,\"valueName\":\"search_term_string\"}}],\"inLanguage\":\"es\"},{\"@type\":\"Organization\",\"@id\":\"https:\\\/\\\/despertadormx.mx\\\/#organization\",\"name\":\"despertador mx\",\"url\":\"https:\\\/\\\/despertadormx.mx\\\/\",\"logo\":{\"@type\":\"ImageObject\",\"inLanguage\":\"es\",\"@id\":\"https:\\\/\\\/despertadormx.mx\\\/#\\\/schema\\\/logo\\\/image\\\/\",\"url\":\"https:\\\/\\\/despertadormx.mx\\\/wp-content\\\/uploads\\\/2025\\\/05\\\/LOGO-DESPERTADOR-1-scaled.png\",\"contentUrl\":\"https:\\\/\\\/despertadormx.mx\\\/wp-content\\\/uploads\\\/2025\\\/05\\\/LOGO-DESPERTADOR-1-scaled.png\",\"width\":2560,\"height\":2370,\"caption\":\"despertador mx\"},\"image\":{\"@id\":\"https:\\\/\\\/despertadormx.mx\\\/#\\\/schema\\\/logo\\\/image\\\/\"},\"sameAs\":[\"https:\\\/\\\/www.facebook.com\\\/despertadom\",\"https:\\\/\\\/www.instagram.com\\\/despertador.m.x?igsh=MTcwYzRjYjdqMm11cA&utm_source=qr\",\"https:\\\/\\\/www.youtube.com\\\/@despertador.m.x\"]},{\"@type\":\"Person\",\"@id\":\"https:\\\/\\\/despertadormx.mx\\\/#\\\/schema\\\/person\\\/130b3808b7cb2ae87c9b8ed44afef513\",\"name\":\"despertadormx.com\",\"image\":{\"@type\":\"ImageObject\",\"inLanguage\":\"es\",\"@id\":\"https:\\\/\\\/secure.gravatar.com\\\/avatar\\\/f8f56db645af77135d63bea778a5507315c09e61c16020554b24c7c6a10f1221?s=96&d=mm&r=g\",\"url\":\"https:\\\/\\\/secure.gravatar.com\\\/avatar\\\/f8f56db645af77135d63bea778a5507315c09e61c16020554b24c7c6a10f1221?s=96&d=mm&r=g\",\"contentUrl\":\"https:\\\/\\\/secure.gravatar.com\\\/avatar\\\/f8f56db645af77135d63bea778a5507315c09e61c16020554b24c7c6a10f1221?s=96&d=mm&r=g\",\"caption\":\"despertadormx.com\"},\"sameAs\":[\"https:\\\/\\\/despertadormx.mx\"],\"url\":\"https:\\\/\\\/despertadormx.mx\\\/index.php\\\/author\\\/despertadormx-com\\\/\"}]}<\/script>\n<!-- \/ Yoast SEO plugin. -->","yoast_head_json":{"title":"Sheinbaum recibe a Gustavo Petro dialogan sobre injerencia electoral | despertador mx","robots":{"index":"index","follow":"follow","max-snippet":"max-snippet:-1","max-image-preview":"max-image-preview:large","max-video-preview":"max-video-preview:-1"},"canonical":"https:\/\/despertadormx.mx\/index.php\/2026\/09\/03\/sheinbaum-recibe-a-gustavo-petro-dialogan-sobre-injerencia-electoral\/","og_locale":"es_MX","og_type":"article","og_title":"Sheinbaum recibe a Gustavo Petro dialogan sobre injerencia electoral | despertador mx","og_description":"La presidenta Claudia Sheinbaum se reuni\u00f3 en Palacio Nacional con el exmandatario colombiano Gustavo Petro, con quien abord\u00f3 los riesgos de injerencia de Estados Unidos en procesos electorales de Am\u00e9rica Latina. Petro se\u00f1al\u00f3 que pidi\u00f3 a M\u00e9xico observar con atenci\u00f3n los pr\u00f3ximos comicios en la regi\u00f3n, incluidos Brasil y las elecciones mexicanas de 2027 y [&hellip;]","og_url":"https:\/\/despertadormx.mx\/index.php\/2026\/09\/03\/sheinbaum-recibe-a-gustavo-petro-dialogan-sobre-injerencia-electoral\/","og_site_name":"despertador mx","article_publisher":"https:\/\/www.facebook.com\/despertadom","article_published_time":"2026-09-03T19:52:06+00:00","article_modified_time":"2026-09-04T19:58:48+00:00","og_image":[{"width":1200,"height":722,"url":"https:\/\/despertadormx.mx\/wp-content\/uploads\/2026\/09\/11.png","type":"image\/png"}],"author":"despertadormx.com","twitter_card":"summary_large_image","twitter_misc":{"Escrito por":"despertadormx.com","Tiempo de lectura":"1 minuto"},"schema":{"@context":"https:\/\/schema.org","@graph":[{"@type":"Article","@id":"https:\/\/despertadormx.mx\/index.php\/2026\/09\/03\/sheinbaum-recibe-a-gustavo-petro-dialogan-sobre-injerencia-electoral\/#article","isPartOf":{"@id":"https:\/\/despertadormx.mx\/index.php\/2026\/09\/03\/sheinbaum-recibe-a-gustavo-petro-dialogan-sobre-injerencia-electoral\/"},"author":{"name":"despertadormx.com","@id":"https:\/\/despertadormx.mx\/#\/schema\/person\/130b3808b7cb2ae87c9b8ed44afef513"},"headline":"Sheinbaum recibe a Gustavo Petro dialogan sobre injerencia electoral","datePublished":"2026-09-03T19:52:06+00:00","dateModified":"2026-09-04T19:58:48+00:00","mainEntityOfPage":{"@id":"https:\/\/despertadormx.mx\/index.php\/2026\/09\/03\/sheinbaum-recibe-a-gustavo-petro-dialogan-sobre-injerencia-electoral\/"},"wordCount":173,"commentCount":0,"publisher":{"@id":"https:\/\/despertadormx.mx\/#organization"},"image":{"@id":"https:\/\/despertadormx.mx\/index.php\/2026\/09\/03\/sheinbaum-recibe-a-gustavo-petro-dialogan-sobre-injerencia-electoral\/#primaryimage"},"thumbnailUrl":"https:\/\/despertadormx.mx\/wp-content\/uploads\/2026\/09\/11.png","articleSection":["Pol\u00edtica Nacional"],"inLanguage":"es","potentialAction":[{"@type":"CommentAction","name":"Comment","target":["https:\/\/despertadormx.mx\/index.php\/2026\/09\/03\/sheinbaum-recibe-a-gustavo-petro-dialogan-sobre-injerencia-electoral\/#respond"]}]},{"@type":"WebPage","@id":"https:\/\/despertadormx.mx\/index.php\/2026\/09\/03\/sheinbaum-recibe-a-gustavo-petro-dialogan-sobre-injerencia-electoral\/","url":"https:\/\/despertadormx.mx\/index.php\/2026\/09\/03\/sheinbaum-recibe-a-gustavo-petro-dialogan-sobre-injerencia-electoral\/","name":"Sheinbaum recibe a Gustavo Petro dialogan sobre injerencia electoral | despertador mx","isPartOf":{"@id":"https:\/\/despertadormx.mx\/#website"},"primaryImageOfPage":{"@id":"https:\/\/despertadormx.mx\/index.php\/2026\/09\/03\/sheinbaum-recibe-a-gustavo-petro-dialogan-sobre-injerencia-electoral\/#primaryimage"},"image":{"@id":"https:\/\/despertadormx.mx\/index.php\/2026\/09\/03\/sheinbaum-recibe-a-gustavo-petro-dialogan-sobre-injerencia-electoral\/#primaryimage"},"thumbnailUrl":"https:\/\/despertadormx.mx\/wp-content\/uploads\/2026\/09\/11.png","datePublished":"2026-09-03T19:52:06+00:00","dateModified":"2026-09-04T19:58:48+00:00","breadcrumb":{"@id":"https:\/\/despertadormx.mx\/index.php\/2026\/09\/03\/sheinbaum-recibe-a-gustavo-petro-dialogan-sobre-injerencia-electoral\/#breadcrumb"},"inLanguage":"es","potentialAction":[{"@type":"ReadAction","target":["https:\/\/despertadormx.mx\/index.php\/2026\/09\/03\/sheinbaum-recibe-a-gustavo-petro-dialogan-sobre-injerencia-electoral\/"]}]},{"@type":"ImageObject","inLanguage":"es","@id":"https:\/\/despertadormx.mx\/index.php\/2026\/09\/03\/sheinbaum-recibe-a-gustavo-petro-dialogan-sobre-injerencia-electoral\/#primaryimage","url":"https:\/\/despertadormx.mx\/wp-content\/uploads\/2026\/09\/11.png","contentUrl":"https:\/\/despertadormx.mx\/wp-content\/uploads\/2026\/09\/11.png","width":1200,"height":722},{"@type":"BreadcrumbList","@id":"https:\/\/despertadormx.mx\/index.php\/2026\/09\/03\/sheinbaum-recibe-a-gustavo-petro-dialogan-sobre-injerencia-electoral\/#breadcrumb","itemListElement":[{"@type":"ListItem","position":1,"name":"Inicio","item":"https:\/\/despertadormx.mx\/"},{"@type":"ListItem","position":2,"name":"Sheinbaum recibe a Gustavo Petro dialogan sobre injerencia electoral"}]},{"@type":"WebSite","@id":"https:\/\/despertadormx.mx\/#website","url":"https:\/\/despertadormx.mx\/","name":"despertador mx","description":"","publisher":{"@id":"https:\/\/despertadormx.mx\/#organization"},"potentialAction":[{"@type":"SearchAction","target":{"@type":"EntryPoint","urlTemplate":"https:\/\/despertadormx.mx\/?s={search_term_string}"},"query-input":{"@type":"PropertyValueSpecification","valueRequired":true,"valueName":"search_term_string"}}],"inLanguage":"es"},{"@type":"Organization","@id":"https:\/\/despertadormx.mx\/#organization","name":"despertador mx","url":"https:\/\/despertadormx.mx\/","logo":{"@type":"ImageObject","inLanguage":"es","@id":"https:\/\/despertadormx.mx\/#\/schema\/logo\/image\/","url":"https:\/\/despertadormx.mx\/wp-content\/uploads\/2025\/05\/LOGO-DESPERTADOR-1-scaled.png","contentUrl":"https:\/\/despertadormx.mx\/wp-content\/uploads\/2025\/05\/LOGO-DESPERTADOR-1-scaled.png","width":2560,"height":2370,"caption":"despertador mx"},"image":{"@id":"https:\/\/despertadormx.mx\/#\/schema\/logo\/image\/"},"sameAs":["https:\/\/www.facebook.com\/despertadom","https:\/\/www.instagram.com\/despertador.m.x?igsh=MTcwYzRjYjdqMm11cA&utm_source=qr","https:\/\/www.youtube.com\/@despertador.m.x"]},{"@type":"Person","@id":"https:\/\/despertadormx.mx\/#\/schema\/person\/130b3808b7cb2ae87c9b8ed44afef513","name":"despertadormx.com","image":{"@type":"ImageObject","inLanguage":"es","@id":"https:\/\/secure.gravatar.com\/avatar\/f8f56db645af77135d63bea778a5507315c09e61c16020554b24c7c6a10f1221?s=96&d=mm&r=g","url":"https:\/\/secure.gravatar.com\/avatar\/f8f56db645af77135d63bea778a5507315c09e61c16020554b24c7c6a10f1221?s=96&d=mm&r=g","contentUrl":"https:\/\/secure.gravatar.com\/avatar\/f8f56db645af77135d63bea778a5507315c09e61c16020554b24c7c6a10f1221?s=96&d=mm&r=g","caption":"despertadormx.com"},"sameAs":["https:\/\/despertadormx.mx"],"url":"https:\/\/despertadormx.mx\/index.php\/author\/despertadormx-com\/"}]}},"rttpg_featured_image_url":{"full":["https:\/\/despertadormx.mx\/wp-content\/uploads\/2026\/09\/11.png",1200,722,false],"landscape":["https:\/\/despertadormx.mx\/wp-content\/uploads\/2026\/09\/11.png",1200,722,false],"portraits":["https:\/\/despertadormx.mx\/wp-content\/uploads\/2026\/09\/11.png",1200,722,false],"thumbnail":["https:\/\/despertadormx.mx\/wp-content\/uploads\/2026\/09\/11-150x150.png",150,150,true],"medium":["https:\/\/despertadormx.mx\/wp-content\/uploads\/2026\/09\/11-300x181.png",300,181,true],"large":["https:\/\/despertadormx.mx\/wp-content\/uploads\/2026\/09\/11-1024x616.png",640,385,true],"1536x1536":["https:\/\/despertadormx.mx\/wp-content\/uploads\/2026\/09\/11.png",1200,722,false],"2048x2048":["https:\/\/despertadormx.mx\/wp-content\/uploads\/2026\/09\/11.png",1200,722,false],"newsup-slider-full":["https:\/\/despertadormx.mx\/wp-content\/uploads\/2026\/09\/11-1200x720.png",1200,720,true],"newsup-featured":["https:\/\/despertadormx.mx\/wp-content\/uploads\/2026\/09\/11-1024x616.png",1024,616,true],"newsup-medium":["https:\/\/despertadormx.mx\/wp-content\/uploads\/2026\/09\/11-720x380.png",720,380,true]},"rttpg_author":{"display_name":"despertadormx.com","author_link":"https:\/\/despertadormx.mx\/index.php\/author\/despertadormx-com\/"},"rttpg_comment":0,"rttpg_category":"<a href=\"https:\/\/despertadormx.mx\/index.php\/category\/politica-nacional\/\" rel=\"category tag\">Pol\u00edtica Nacional<\/a>","rttpg_excerpt":"La presidenta Claudia Sheinbaum se reuni\u00f3 en Palacio Nacional con el exmandatario colombiano Gustavo Petro, con quien abord\u00f3 los riesgos de injerencia de Estados Unidos en procesos electorales de Am\u00e9rica Latina. Petro se\u00f1al\u00f3 que pidi\u00f3 a M\u00e9xico observar con atenci\u00f3n los pr\u00f3ximos comicios en la regi\u00f3n, incluidos Brasil y las elecciones mexicanas de 2027 y&hellip;","_links":{"self":[{"href":"https:\/\/despertadormx.mx\/index.php\/wp-json\/wp\/v2\/posts\/16002","targetHints":{"allow":["GET"]}}],"collection":[{"href":"https:\/\/despertadormx.mx\/index.php\/wp-json\/wp\/v2\/posts"}],"about":[{"href":"https:\/\/despertadormx.mx\/index.php\/wp-json\/wp\/v2\/types\/post"}],"author":[{"embeddable":true,"href":"https:\/\/despertadormx.mx\/index.php\/wp-json\/wp\/v2\/users\/1"}],"replies":[{"embeddable":true,"href":"https:\/\/despertadormx.mx\/index.php\/wp-json\/wp\/v2\/comments?post=16002"}],"version-history":[{"count":1,"href":"https:\/\/despertadormx.mx\/index.php\/wp-json\/wp\/v2\/posts\/16002\/revisions"}],"predecessor-version":[{"id":16009,"href":"https:\/\/despertadormx.mx\/index.php\/wp-json\/wp\/v2\/posts\/16002\/revisions\/16009"}],"wp:featuredmedia":[{"embeddable":true,"href":"https:\/\/despertadormx.mx\/index.php\/wp-json\/wp\/v2\/media\/16008"}],"wp:attachment":[{"href":"https:\/\/despertadormx.mx\/index.php\/wp-json\/wp\/v2\/media?parent=16002"}],"wp:term":[{"taxonomy":"category","embeddable":true,"href":"https:\/\/despertadormx.mx\/index.php\/wp-json\/wp\/v2\/categories?post=16002"},{"taxonomy":"post_tag","embeddable":true,"href":"https:\/\/despertadormx.mx\/index.php\/wp-json\/wp\/v2\/tags?post=16002"}],"curies":[{"name":"wp","href":"https:\/\/api.w.org\/{rel}","templated":true}]}}