{"id":16000,"date":"2026-09-01T11:09:36","date_gmt":"2026-09-01T17:09:36","guid":{"rendered":"https:\/\/despertadormx.mx\/?p=16000"},"modified":"2026-09-04T11:10:30","modified_gmt":"2026-09-04T17:10:30","slug":"gioconda-belli-gana-el-premio-fil-de-literatura","status":"publish","type":"post","link":"https:\/\/despertadormx.mx\/index.php\/2026\/09\/01\/gioconda-belli-gana-el-premio-fil-de-literatura\/","title":{"rendered":"Gioconda Belli gana el Premio FIL de Literatura"},"content":{"rendered":"\n<p class=\"wp-block-paragraph\">La escritora nicarag\u00fcense Gioconda Belli fue reconocida con el Premio FIL de Literatura en Lenguas Romance 2026, uno de los principales galardones literarios de la regi\u00f3n. Tras conocerse el fallo, record\u00f3 especialmente a M\u00e9xico, pa\u00eds que la recibi\u00f3 durante su primer exilio y donde encontr\u00f3 una comunidad cultural que marc\u00f3 su trayectoria.<\/p>\n\n\n\n<p class=\"wp-block-paragraph\">Belli record\u00f3 sus v\u00ednculos con escritores como Juan Ba\u00f1uelos, Carlos Monsiv\u00e1is y Efra\u00edn Huerta, adem\u00e1s de su presencia en la primera edici\u00f3n de la Feria Internacional del Libro de Guadalajara. La autora tambi\u00e9n destac\u00f3 la relaci\u00f3n entre literatura, experiencia personal y pol\u00edtica que ha atravesado su poes\u00eda y narrativa durante d\u00e9cadas.<\/p>\n\n\n\n<p class=\"wp-block-paragraph\">Ganadora anteriormente de reconocimientos como el Premio Carlos Fuentes y el Sor Juana In\u00e9s de la Cruz, Belli recibir\u00e1 el galard\u00f3n durante la edici\u00f3n 40 de la FIL Guadalajara. El premio, dotado con 150 mil d\u00f3lares, ser\u00e1 entregado el \u00faltimo s\u00e1bado de noviembre.<\/p>\n","protected":false},"excerpt":{"rendered":"<p>La escritora nicarag\u00fcense Gioconda Belli fue reconocida con el Premio FIL de Literatura en Lenguas Romance 2026, uno de los principales galardones literarios de la regi\u00f3n. Tras conocerse el fallo, record\u00f3 especialmente a M\u00e9xico, pa\u00eds que la recibi\u00f3 durante su primer exilio y donde encontr\u00f3 una comunidad cultural que marc\u00f3 su trayectoria. Belli record\u00f3 sus [&hellip;]<\/p>\n","protected":false},"author":1,"featured_media":15985,"comment_status":"open","ping_status":"open","sticky":false,"template":"","format":"standard","meta":{"footnotes":""},"categories":[1137],"tags":[],"class_list":["post-16000","post","type-post","status-publish","format-standard","has-post-thumbnail","hentry","category-cultura"],"yoast_head":"<!-- This site is optimized with the Yoast SEO plugin v28.2 - https:\/\/yoast.com\/product\/yoast-seo-wordpress\/ -->\n<title>Gioconda Belli gana el Premio FIL de Literatura | despertador mx<\/title>\n<meta name=\"robots\" content=\"index, follow, max-snippet:-1, max-image-preview:large, max-video-preview:-1\" \/>\n<link rel=\"canonical\" href=\"https:\/\/despertadormx.mx\/index.php\/2026\/09\/01\/gioconda-belli-gana-el-premio-fil-de-literatura\/\" \/>\n<meta property=\"og:locale\" content=\"es_MX\" \/>\n<meta property=\"og:type\" content=\"article\" \/>\n<meta property=\"og:title\" content=\"Gioconda Belli gana el Premio FIL de Literatura | despertador mx\" \/>\n<meta property=\"og:description\" content=\"La escritora nicarag\u00fcense Gioconda Belli fue reconocida con el Premio FIL de Literatura en Lenguas Romance 2026, uno de los principales galardones literarios de la regi\u00f3n. Tras conocerse el fallo, record\u00f3 especialmente a M\u00e9xico, pa\u00eds que la recibi\u00f3 durante su primer exilio y donde encontr\u00f3 una comunidad cultural que marc\u00f3 su trayectoria. Belli record\u00f3 sus [&hellip;]\" \/>\n<meta property=\"og:url\" content=\"https:\/\/despertadormx.mx\/index.php\/2026\/09\/01\/gioconda-belli-gana-el-premio-fil-de-literatura\/\" \/>\n<meta property=\"og:site_name\" content=\"despertador mx\" \/>\n<meta property=\"article:publisher\" content=\"https:\/\/www.facebook.com\/despertadom\" \/>\n<meta property=\"article:published_time\" content=\"2026-09-01T17:09:36+00:00\" \/>\n<meta property=\"article:modified_time\" content=\"2026-09-04T17:10:30+00:00\" \/>\n<meta property=\"og:image\" content=\"https:\/\/despertadormx.mx\/wp-content\/uploads\/2026\/09\/63.png\" \/>\n\t<meta property=\"og:image:width\" content=\"1200\" \/>\n\t<meta property=\"og:image:height\" content=\"722\" \/>\n\t<meta property=\"og:image:type\" content=\"image\/png\" \/>\n<meta name=\"author\" content=\"despertadormx.com\" \/>\n<meta name=\"twitter:card\" content=\"summary_large_image\" \/>\n<meta name=\"twitter:label1\" content=\"Escrito por\" \/>\n\t<meta name=\"twitter:data1\" content=\"despertadormx.com\" \/>\n\t<meta name=\"twitter:label2\" content=\"Tiempo de lectura\" \/>\n\t<meta name=\"twitter:data2\" content=\"1 minuto\" \/>\n<script type=\"application\/ld+json\" class=\"yoast-schema-graph\">{\"@context\":\"https:\\\/\\\/schema.org\",\"@graph\":[{\"@type\":\"Article\",\"@id\":\"https:\\\/\\\/despertadormx.mx\\\/index.php\\\/2026\\\/09\\\/01\\\/gioconda-belli-gana-el-premio-fil-de-literatura\\\/#article\",\"isPartOf\":{\"@id\":\"https:\\\/\\\/despertadormx.mx\\\/index.php\\\/2026\\\/09\\\/01\\\/gioconda-belli-gana-el-premio-fil-de-literatura\\\/\"},\"author\":{\"name\":\"despertadormx.com\",\"@id\":\"https:\\\/\\\/despertadormx.mx\\\/#\\\/schema\\\/person\\\/130b3808b7cb2ae87c9b8ed44afef513\"},\"headline\":\"Gioconda Belli gana el Premio FIL de Literatura\",\"datePublished\":\"2026-09-01T17:09:36+00:00\",\"dateModified\":\"2026-09-04T17:10:30+00:00\",\"mainEntityOfPage\":{\"@id\":\"https:\\\/\\\/despertadormx.mx\\\/index.php\\\/2026\\\/09\\\/01\\\/gioconda-belli-gana-el-premio-fil-de-literatura\\\/\"},\"wordCount\":171,\"commentCount\":0,\"publisher\":{\"@id\":\"https:\\\/\\\/despertadormx.mx\\\/#organization\"},\"image\":{\"@id\":\"https:\\\/\\\/despertadormx.mx\\\/index.php\\\/2026\\\/09\\\/01\\\/gioconda-belli-gana-el-premio-fil-de-literatura\\\/#primaryimage\"},\"thumbnailUrl\":\"https:\\\/\\\/despertadormx.mx\\\/wp-content\\\/uploads\\\/2026\\\/09\\\/63.png\",\"articleSection\":[\"Cultura\"],\"inLanguage\":\"es\",\"potentialAction\":[{\"@type\":\"CommentAction\",\"name\":\"Comment\",\"target\":[\"https:\\\/\\\/despertadormx.mx\\\/index.php\\\/2026\\\/09\\\/01\\\/gioconda-belli-gana-el-premio-fil-de-literatura\\\/#respond\"]}]},{\"@type\":\"WebPage\",\"@id\":\"https:\\\/\\\/despertadormx.mx\\\/index.php\\\/2026\\\/09\\\/01\\\/gioconda-belli-gana-el-premio-fil-de-literatura\\\/\",\"url\":\"https:\\\/\\\/despertadormx.mx\\\/index.php\\\/2026\\\/09\\\/01\\\/gioconda-belli-gana-el-premio-fil-de-literatura\\\/\",\"name\":\"Gioconda Belli gana el Premio FIL de Literatura | despertador mx\",\"isPartOf\":{\"@id\":\"https:\\\/\\\/despertadormx.mx\\\/#website\"},\"primaryImageOfPage\":{\"@id\":\"https:\\\/\\\/despertadormx.mx\\\/index.php\\\/2026\\\/09\\\/01\\\/gioconda-belli-gana-el-premio-fil-de-literatura\\\/#primaryimage\"},\"image\":{\"@id\":\"https:\\\/\\\/despertadormx.mx\\\/index.php\\\/2026\\\/09\\\/01\\\/gioconda-belli-gana-el-premio-fil-de-literatura\\\/#primaryimage\"},\"thumbnailUrl\":\"https:\\\/\\\/despertadormx.mx\\\/wp-content\\\/uploads\\\/2026\\\/09\\\/63.png\",\"datePublished\":\"2026-09-01T17:09:36+00:00\",\"dateModified\":\"2026-09-04T17:10:30+00:00\",\"breadcrumb\":{\"@id\":\"https:\\\/\\\/despertadormx.mx\\\/index.php\\\/2026\\\/09\\\/01\\\/gioconda-belli-gana-el-premio-fil-de-literatura\\\/#breadcrumb\"},\"inLanguage\":\"es\",\"potentialAction\":[{\"@type\":\"ReadAction\",\"target\":[\"https:\\\/\\\/despertadormx.mx\\\/index.php\\\/2026\\\/09\\\/01\\\/gioconda-belli-gana-el-premio-fil-de-literatura\\\/\"]}]},{\"@type\":\"ImageObject\",\"inLanguage\":\"es\",\"@id\":\"https:\\\/\\\/despertadormx.mx\\\/index.php\\\/2026\\\/09\\\/01\\\/gioconda-belli-gana-el-premio-fil-de-literatura\\\/#primaryimage\",\"url\":\"https:\\\/\\\/despertadormx.mx\\\/wp-content\\\/uploads\\\/2026\\\/09\\\/63.png\",\"contentUrl\":\"https:\\\/\\\/despertadormx.mx\\\/wp-content\\\/uploads\\\/2026\\\/09\\\/63.png\",\"width\":1200,\"height\":722},{\"@type\":\"BreadcrumbList\",\"@id\":\"https:\\\/\\\/despertadormx.mx\\\/index.php\\\/2026\\\/09\\\/01\\\/gioconda-belli-gana-el-premio-fil-de-literatura\\\/#breadcrumb\",\"itemListElement\":[{\"@type\":\"ListItem\",\"position\":1,\"name\":\"Inicio\",\"item\":\"https:\\\/\\\/despertadormx.mx\\\/\"},{\"@type\":\"ListItem\",\"position\":2,\"name\":\"Gioconda Belli gana el Premio FIL de Literatura\"}]},{\"@type\":\"WebSite\",\"@id\":\"https:\\\/\\\/despertadormx.mx\\\/#website\",\"url\":\"https:\\\/\\\/despertadormx.mx\\\/\",\"name\":\"despertador mx\",\"description\":\"\",\"publisher\":{\"@id\":\"https:\\\/\\\/despertadormx.mx\\\/#organization\"},\"potentialAction\":[{\"@type\":\"SearchAction\",\"target\":{\"@type\":\"EntryPoint\",\"urlTemplate\":\"https:\\\/\\\/despertadormx.mx\\\/?s={search_term_string}\"},\"query-input\":{\"@type\":\"PropertyValueSpecification\",\"valueRequired\":true,\"valueName\":\"search_term_string\"}}],\"inLanguage\":\"es\"},{\"@type\":\"Organization\",\"@id\":\"https:\\\/\\\/despertadormx.mx\\\/#organization\",\"name\":\"despertador mx\",\"url\":\"https:\\\/\\\/despertadormx.mx\\\/\",\"logo\":{\"@type\":\"ImageObject\",\"inLanguage\":\"es\",\"@id\":\"https:\\\/\\\/despertadormx.mx\\\/#\\\/schema\\\/logo\\\/image\\\/\",\"url\":\"https:\\\/\\\/despertadormx.mx\\\/wp-content\\\/uploads\\\/2025\\\/05\\\/LOGO-DESPERTADOR-1-scaled.png\",\"contentUrl\":\"https:\\\/\\\/despertadormx.mx\\\/wp-content\\\/uploads\\\/2025\\\/05\\\/LOGO-DESPERTADOR-1-scaled.png\",\"width\":2560,\"height\":2370,\"caption\":\"despertador mx\"},\"image\":{\"@id\":\"https:\\\/\\\/despertadormx.mx\\\/#\\\/schema\\\/logo\\\/image\\\/\"},\"sameAs\":[\"https:\\\/\\\/www.facebook.com\\\/despertadom\",\"https:\\\/\\\/www.instagram.com\\\/despertador.m.x?igsh=MTcwYzRjYjdqMm11cA&utm_source=qr\",\"https:\\\/\\\/www.youtube.com\\\/@despertador.m.x\"]},{\"@type\":\"Person\",\"@id\":\"https:\\\/\\\/despertadormx.mx\\\/#\\\/schema\\\/person\\\/130b3808b7cb2ae87c9b8ed44afef513\",\"name\":\"despertadormx.com\",\"image\":{\"@type\":\"ImageObject\",\"inLanguage\":\"es\",\"@id\":\"https:\\\/\\\/secure.gravatar.com\\\/avatar\\\/f8f56db645af77135d63bea778a5507315c09e61c16020554b24c7c6a10f1221?s=96&d=mm&r=g\",\"url\":\"https:\\\/\\\/secure.gravatar.com\\\/avatar\\\/f8f56db645af77135d63bea778a5507315c09e61c16020554b24c7c6a10f1221?s=96&d=mm&r=g\",\"contentUrl\":\"https:\\\/\\\/secure.gravatar.com\\\/avatar\\\/f8f56db645af77135d63bea778a5507315c09e61c16020554b24c7c6a10f1221?s=96&d=mm&r=g\",\"caption\":\"despertadormx.com\"},\"sameAs\":[\"https:\\\/\\\/despertadormx.mx\"],\"url\":\"https:\\\/\\\/despertadormx.mx\\\/index.php\\\/author\\\/despertadormx-com\\\/\"}]}<\/script>\n<!-- \/ Yoast SEO plugin. -->","yoast_head_json":{"title":"Gioconda Belli gana el Premio FIL de Literatura | despertador mx","robots":{"index":"index","follow":"follow","max-snippet":"max-snippet:-1","max-image-preview":"max-image-preview:large","max-video-preview":"max-video-preview:-1"},"canonical":"https:\/\/despertadormx.mx\/index.php\/2026\/09\/01\/gioconda-belli-gana-el-premio-fil-de-literatura\/","og_locale":"es_MX","og_type":"article","og_title":"Gioconda Belli gana el Premio FIL de Literatura | despertador mx","og_description":"La escritora nicarag\u00fcense Gioconda Belli fue reconocida con el Premio FIL de Literatura en Lenguas Romance 2026, uno de los principales galardones literarios de la regi\u00f3n. Tras conocerse el fallo, record\u00f3 especialmente a M\u00e9xico, pa\u00eds que la recibi\u00f3 durante su primer exilio y donde encontr\u00f3 una comunidad cultural que marc\u00f3 su trayectoria. Belli record\u00f3 sus [&hellip;]","og_url":"https:\/\/despertadormx.mx\/index.php\/2026\/09\/01\/gioconda-belli-gana-el-premio-fil-de-literatura\/","og_site_name":"despertador mx","article_publisher":"https:\/\/www.facebook.com\/despertadom","article_published_time":"2026-09-01T17:09:36+00:00","article_modified_time":"2026-09-04T17:10:30+00:00","og_image":[{"width":1200,"height":722,"url":"https:\/\/despertadormx.mx\/wp-content\/uploads\/2026\/09\/63.png","type":"image\/png"}],"author":"despertadormx.com","twitter_card":"summary_large_image","twitter_misc":{"Escrito por":"despertadormx.com","Tiempo de lectura":"1 minuto"},"schema":{"@context":"https:\/\/schema.org","@graph":[{"@type":"Article","@id":"https:\/\/despertadormx.mx\/index.php\/2026\/09\/01\/gioconda-belli-gana-el-premio-fil-de-literatura\/#article","isPartOf":{"@id":"https:\/\/despertadormx.mx\/index.php\/2026\/09\/01\/gioconda-belli-gana-el-premio-fil-de-literatura\/"},"author":{"name":"despertadormx.com","@id":"https:\/\/despertadormx.mx\/#\/schema\/person\/130b3808b7cb2ae87c9b8ed44afef513"},"headline":"Gioconda Belli gana el Premio FIL de Literatura","datePublished":"2026-09-01T17:09:36+00:00","dateModified":"2026-09-04T17:10:30+00:00","mainEntityOfPage":{"@id":"https:\/\/despertadormx.mx\/index.php\/2026\/09\/01\/gioconda-belli-gana-el-premio-fil-de-literatura\/"},"wordCount":171,"commentCount":0,"publisher":{"@id":"https:\/\/despertadormx.mx\/#organization"},"image":{"@id":"https:\/\/despertadormx.mx\/index.php\/2026\/09\/01\/gioconda-belli-gana-el-premio-fil-de-literatura\/#primaryimage"},"thumbnailUrl":"https:\/\/despertadormx.mx\/wp-content\/uploads\/2026\/09\/63.png","articleSection":["Cultura"],"inLanguage":"es","potentialAction":[{"@type":"CommentAction","name":"Comment","target":["https:\/\/despertadormx.mx\/index.php\/2026\/09\/01\/gioconda-belli-gana-el-premio-fil-de-literatura\/#respond"]}]},{"@type":"WebPage","@id":"https:\/\/despertadormx.mx\/index.php\/2026\/09\/01\/gioconda-belli-gana-el-premio-fil-de-literatura\/","url":"https:\/\/despertadormx.mx\/index.php\/2026\/09\/01\/gioconda-belli-gana-el-premio-fil-de-literatura\/","name":"Gioconda Belli gana el Premio FIL de Literatura | despertador mx","isPartOf":{"@id":"https:\/\/despertadormx.mx\/#website"},"primaryImageOfPage":{"@id":"https:\/\/despertadormx.mx\/index.php\/2026\/09\/01\/gioconda-belli-gana-el-premio-fil-de-literatura\/#primaryimage"},"image":{"@id":"https:\/\/despertadormx.mx\/index.php\/2026\/09\/01\/gioconda-belli-gana-el-premio-fil-de-literatura\/#primaryimage"},"thumbnailUrl":"https:\/\/despertadormx.mx\/wp-content\/uploads\/2026\/09\/63.png","datePublished":"2026-09-01T17:09:36+00:00","dateModified":"2026-09-04T17:10:30+00:00","breadcrumb":{"@id":"https:\/\/despertadormx.mx\/index.php\/2026\/09\/01\/gioconda-belli-gana-el-premio-fil-de-literatura\/#breadcrumb"},"inLanguage":"es","potentialAction":[{"@type":"ReadAction","target":["https:\/\/despertadormx.mx\/index.php\/2026\/09\/01\/gioconda-belli-gana-el-premio-fil-de-literatura\/"]}]},{"@type":"ImageObject","inLanguage":"es","@id":"https:\/\/despertadormx.mx\/index.php\/2026\/09\/01\/gioconda-belli-gana-el-premio-fil-de-literatura\/#primaryimage","url":"https:\/\/despertadormx.mx\/wp-content\/uploads\/2026\/09\/63.png","contentUrl":"https:\/\/despertadormx.mx\/wp-content\/uploads\/2026\/09\/63.png","width":1200,"height":722},{"@type":"BreadcrumbList","@id":"https:\/\/despertadormx.mx\/index.php\/2026\/09\/01\/gioconda-belli-gana-el-premio-fil-de-literatura\/#breadcrumb","itemListElement":[{"@type":"ListItem","position":1,"name":"Inicio","item":"https:\/\/despertadormx.mx\/"},{"@type":"ListItem","position":2,"name":"Gioconda Belli gana el Premio FIL de Literatura"}]},{"@type":"WebSite","@id":"https:\/\/despertadormx.mx\/#website","url":"https:\/\/despertadormx.mx\/","name":"despertador mx","description":"","publisher":{"@id":"https:\/\/despertadormx.mx\/#organization"},"potentialAction":[{"@type":"SearchAction","target":{"@type":"EntryPoint","urlTemplate":"https:\/\/despertadormx.mx\/?s={search_term_string}"},"query-input":{"@type":"PropertyValueSpecification","valueRequired":true,"valueName":"search_term_string"}}],"inLanguage":"es"},{"@type":"Organization","@id":"https:\/\/despertadormx.mx\/#organization","name":"despertador mx","url":"https:\/\/despertadormx.mx\/","logo":{"@type":"ImageObject","inLanguage":"es","@id":"https:\/\/despertadormx.mx\/#\/schema\/logo\/image\/","url":"https:\/\/despertadormx.mx\/wp-content\/uploads\/2025\/05\/LOGO-DESPERTADOR-1-scaled.png","contentUrl":"https:\/\/despertadormx.mx\/wp-content\/uploads\/2025\/05\/LOGO-DESPERTADOR-1-scaled.png","width":2560,"height":2370,"caption":"despertador mx"},"image":{"@id":"https:\/\/despertadormx.mx\/#\/schema\/logo\/image\/"},"sameAs":["https:\/\/www.facebook.com\/despertadom","https:\/\/www.instagram.com\/despertador.m.x?igsh=MTcwYzRjYjdqMm11cA&utm_source=qr","https:\/\/www.youtube.com\/@despertador.m.x"]},{"@type":"Person","@id":"https:\/\/despertadormx.mx\/#\/schema\/person\/130b3808b7cb2ae87c9b8ed44afef513","name":"despertadormx.com","image":{"@type":"ImageObject","inLanguage":"es","@id":"https:\/\/secure.gravatar.com\/avatar\/f8f56db645af77135d63bea778a5507315c09e61c16020554b24c7c6a10f1221?s=96&d=mm&r=g","url":"https:\/\/secure.gravatar.com\/avatar\/f8f56db645af77135d63bea778a5507315c09e61c16020554b24c7c6a10f1221?s=96&d=mm&r=g","contentUrl":"https:\/\/secure.gravatar.com\/avatar\/f8f56db645af77135d63bea778a5507315c09e61c16020554b24c7c6a10f1221?s=96&d=mm&r=g","caption":"despertadormx.com"},"sameAs":["https:\/\/despertadormx.mx"],"url":"https:\/\/despertadormx.mx\/index.php\/author\/despertadormx-com\/"}]}},"rttpg_featured_image_url":{"full":["https:\/\/despertadormx.mx\/wp-content\/uploads\/2026\/09\/63.png",1200,722,false],"landscape":["https:\/\/despertadormx.mx\/wp-content\/uploads\/2026\/09\/63.png",1200,722,false],"portraits":["https:\/\/despertadormx.mx\/wp-content\/uploads\/2026\/09\/63.png",1200,722,false],"thumbnail":["https:\/\/despertadormx.mx\/wp-content\/uploads\/2026\/09\/63-150x150.png",150,150,true],"medium":["https:\/\/despertadormx.mx\/wp-content\/uploads\/2026\/09\/63-300x181.png",300,181,true],"large":["https:\/\/despertadormx.mx\/wp-content\/uploads\/2026\/09\/63-1024x616.png",640,385,true],"1536x1536":["https:\/\/despertadormx.mx\/wp-content\/uploads\/2026\/09\/63.png",1200,722,false],"2048x2048":["https:\/\/despertadormx.mx\/wp-content\/uploads\/2026\/09\/63.png",1200,722,false],"newsup-slider-full":["https:\/\/despertadormx.mx\/wp-content\/uploads\/2026\/09\/63-1200x720.png",1200,720,true],"newsup-featured":["https:\/\/despertadormx.mx\/wp-content\/uploads\/2026\/09\/63-1024x616.png",1024,616,true],"newsup-medium":["https:\/\/despertadormx.mx\/wp-content\/uploads\/2026\/09\/63-720x380.png",720,380,true]},"rttpg_author":{"display_name":"despertadormx.com","author_link":"https:\/\/despertadormx.mx\/index.php\/author\/despertadormx-com\/"},"rttpg_comment":0,"rttpg_category":"<a href=\"https:\/\/despertadormx.mx\/index.php\/category\/cultura\/\" rel=\"category tag\">Cultura<\/a>","rttpg_excerpt":"La escritora nicarag\u00fcense Gioconda Belli fue reconocida con el Premio FIL de Literatura en Lenguas Romance 2026, uno de los principales galardones literarios de la regi\u00f3n. Tras conocerse el fallo, record\u00f3 especialmente a M\u00e9xico, pa\u00eds que la recibi\u00f3 durante su primer exilio y donde encontr\u00f3 una comunidad cultural que marc\u00f3 su trayectoria. Belli record\u00f3 sus&hellip;","_links":{"self":[{"href":"https:\/\/despertadormx.mx\/index.php\/wp-json\/wp\/v2\/posts\/16000","targetHints":{"allow":["GET"]}}],"collection":[{"href":"https:\/\/despertadormx.mx\/index.php\/wp-json\/wp\/v2\/posts"}],"about":[{"href":"https:\/\/despertadormx.mx\/index.php\/wp-json\/wp\/v2\/types\/post"}],"author":[{"embeddable":true,"href":"https:\/\/despertadormx.mx\/index.php\/wp-json\/wp\/v2\/users\/1"}],"replies":[{"embeddable":true,"href":"https:\/\/despertadormx.mx\/index.php\/wp-json\/wp\/v2\/comments?post=16000"}],"version-history":[{"count":1,"href":"https:\/\/despertadormx.mx\/index.php\/wp-json\/wp\/v2\/posts\/16000\/revisions"}],"predecessor-version":[{"id":16001,"href":"https:\/\/despertadormx.mx\/index.php\/wp-json\/wp\/v2\/posts\/16000\/revisions\/16001"}],"wp:featuredmedia":[{"embeddable":true,"href":"https:\/\/despertadormx.mx\/index.php\/wp-json\/wp\/v2\/media\/15985"}],"wp:attachment":[{"href":"https:\/\/despertadormx.mx\/index.php\/wp-json\/wp\/v2\/media?parent=16000"}],"wp:term":[{"taxonomy":"category","embeddable":true,"href":"https:\/\/despertadormx.mx\/index.php\/wp-json\/wp\/v2\/categories?post=16000"},{"taxonomy":"post_tag","embeddable":true,"href":"https:\/\/despertadormx.mx\/index.php\/wp-json\/wp\/v2\/tags?post=16000"}],"curies":[{"name":"wp","href":"https:\/\/api.w.org\/{rel}","templated":true}]}}