{"id":15981,"date":"2026-09-02T10:58:19","date_gmt":"2026-09-02T16:58:19","guid":{"rendered":"https:\/\/despertadormx.mx\/?p=15981"},"modified":"2026-09-04T10:59:10","modified_gmt":"2026-09-04T16:59:10","slug":"marco-nombra-a-sofia-hernandez-como-nueva-curadora","status":"publish","type":"post","link":"https:\/\/despertadormx.mx\/index.php\/2026\/09\/02\/marco-nombra-a-sofia-hernandez-como-nueva-curadora\/","title":{"rendered":"MARCO nombra a Sof\u00eda Hern\u00e1ndez como nueva curadora"},"content":{"rendered":"\n<p class=\"wp-block-paragraph\">El Museo de Arte Contempor\u00e1neo de Monterrey (MARCO) nombr\u00f3 a Sof\u00eda Hern\u00e1ndez Chong Cuy como Curadora-at-Large, posici\u00f3n desde la que encabezar\u00e1 el an\u00e1lisis y estudio de la colecci\u00f3n permanente. Su trabajo buscar\u00e1 construir una visi\u00f3n del arte contempor\u00e1neo desde el norte de M\u00e9xico, considerando sus din\u00e1micas culturales y v\u00ednculos fronterizos con Estados Unidos.<\/p>\n\n\n\n<p class=\"wp-block-paragraph\">La posici\u00f3n se establece por primera vez en M\u00e9xico y contar\u00e1 con el patrocinio de la coleccionista Yolanda Santos de Hoyos. Hern\u00e1ndez Chong Cuy desarrollar\u00e1 una revisi\u00f3n cr\u00edtica del acervo de MARCO que incorporar\u00e1 tambi\u00e9n pr\u00e9stamos procedentes de distintas colecciones de la regi\u00f3n y servir\u00e1 para articular nuevos discursos dentro del museo.<\/p>\n\n\n\n<p class=\"wp-block-paragraph\">Originaria de Mexicali, Hern\u00e1ndez Chong Cuy ha dirigido el Kunstinstituut Melly de R\u00f3terdam y el Museo Tamayo de Ciudad de M\u00e9xico. Tambi\u00e9n trabaj\u00f3 como curadora de la Colecci\u00f3n Patricia Phelps de Cisneros y actualmente participa en proyectos relacionados con la producci\u00f3n art\u00edstica de la frontera Mexicali-Calexico.<\/p>\n","protected":false},"excerpt":{"rendered":"<p>El Museo de Arte Contempor\u00e1neo de Monterrey (MARCO) nombr\u00f3 a Sof\u00eda Hern\u00e1ndez Chong Cuy como Curadora-at-Large, posici\u00f3n desde la que encabezar\u00e1 el an\u00e1lisis y estudio de la colecci\u00f3n permanente. Su trabajo buscar\u00e1 construir una visi\u00f3n del arte contempor\u00e1neo desde el norte de M\u00e9xico, considerando sus din\u00e1micas culturales y v\u00ednculos fronterizos con Estados Unidos. La posici\u00f3n [&hellip;]<\/p>\n","protected":false},"author":1,"featured_media":15966,"comment_status":"open","ping_status":"open","sticky":false,"template":"","format":"standard","meta":{"footnotes":""},"categories":[1137],"tags":[],"class_list":["post-15981","post","type-post","status-publish","format-standard","has-post-thumbnail","hentry","category-cultura"],"yoast_head":"<!-- This site is optimized with the Yoast SEO plugin v28.2 - https:\/\/yoast.com\/product\/yoast-seo-wordpress\/ -->\n<title>MARCO nombra a Sof\u00eda Hern\u00e1ndez como nueva curadora | despertador mx<\/title>\n<meta name=\"robots\" content=\"index, follow, max-snippet:-1, max-image-preview:large, max-video-preview:-1\" \/>\n<link rel=\"canonical\" href=\"https:\/\/despertadormx.mx\/index.php\/2026\/09\/02\/marco-nombra-a-sofia-hernandez-como-nueva-curadora\/\" \/>\n<meta property=\"og:locale\" content=\"es_MX\" \/>\n<meta property=\"og:type\" content=\"article\" \/>\n<meta property=\"og:title\" content=\"MARCO nombra a Sof\u00eda Hern\u00e1ndez como nueva curadora | despertador mx\" \/>\n<meta property=\"og:description\" content=\"El Museo de Arte Contempor\u00e1neo de Monterrey (MARCO) nombr\u00f3 a Sof\u00eda Hern\u00e1ndez Chong Cuy como Curadora-at-Large, posici\u00f3n desde la que encabezar\u00e1 el an\u00e1lisis y estudio de la colecci\u00f3n permanente. Su trabajo buscar\u00e1 construir una visi\u00f3n del arte contempor\u00e1neo desde el norte de M\u00e9xico, considerando sus din\u00e1micas culturales y v\u00ednculos fronterizos con Estados Unidos. La posici\u00f3n [&hellip;]\" \/>\n<meta property=\"og:url\" content=\"https:\/\/despertadormx.mx\/index.php\/2026\/09\/02\/marco-nombra-a-sofia-hernandez-como-nueva-curadora\/\" \/>\n<meta property=\"og:site_name\" content=\"despertador mx\" \/>\n<meta property=\"article:publisher\" content=\"https:\/\/www.facebook.com\/despertadom\" \/>\n<meta property=\"article:published_time\" content=\"2026-09-02T16:58:19+00:00\" \/>\n<meta property=\"article:modified_time\" content=\"2026-09-04T16:59:10+00:00\" \/>\n<meta property=\"og:image\" content=\"https:\/\/despertadormx.mx\/wp-content\/uploads\/2026\/09\/62.png\" \/>\n\t<meta property=\"og:image:width\" content=\"1200\" \/>\n\t<meta property=\"og:image:height\" content=\"722\" \/>\n\t<meta property=\"og:image:type\" content=\"image\/png\" \/>\n<meta name=\"author\" content=\"despertadormx.com\" \/>\n<meta name=\"twitter:card\" content=\"summary_large_image\" \/>\n<meta name=\"twitter:label1\" content=\"Escrito por\" \/>\n\t<meta name=\"twitter:data1\" content=\"despertadormx.com\" \/>\n\t<meta name=\"twitter:label2\" content=\"Tiempo de lectura\" \/>\n\t<meta name=\"twitter:data2\" content=\"1 minuto\" \/>\n<script type=\"application\/ld+json\" class=\"yoast-schema-graph\">{\"@context\":\"https:\\\/\\\/schema.org\",\"@graph\":[{\"@type\":\"Article\",\"@id\":\"https:\\\/\\\/despertadormx.mx\\\/index.php\\\/2026\\\/09\\\/02\\\/marco-nombra-a-sofia-hernandez-como-nueva-curadora\\\/#article\",\"isPartOf\":{\"@id\":\"https:\\\/\\\/despertadormx.mx\\\/index.php\\\/2026\\\/09\\\/02\\\/marco-nombra-a-sofia-hernandez-como-nueva-curadora\\\/\"},\"author\":{\"name\":\"despertadormx.com\",\"@id\":\"https:\\\/\\\/despertadormx.mx\\\/#\\\/schema\\\/person\\\/130b3808b7cb2ae87c9b8ed44afef513\"},\"headline\":\"MARCO nombra a Sof\u00eda Hern\u00e1ndez como nueva curadora\",\"datePublished\":\"2026-09-02T16:58:19+00:00\",\"dateModified\":\"2026-09-04T16:59:10+00:00\",\"mainEntityOfPage\":{\"@id\":\"https:\\\/\\\/despertadormx.mx\\\/index.php\\\/2026\\\/09\\\/02\\\/marco-nombra-a-sofia-hernandez-como-nueva-curadora\\\/\"},\"wordCount\":187,\"commentCount\":0,\"publisher\":{\"@id\":\"https:\\\/\\\/despertadormx.mx\\\/#organization\"},\"image\":{\"@id\":\"https:\\\/\\\/despertadormx.mx\\\/index.php\\\/2026\\\/09\\\/02\\\/marco-nombra-a-sofia-hernandez-como-nueva-curadora\\\/#primaryimage\"},\"thumbnailUrl\":\"https:\\\/\\\/despertadormx.mx\\\/wp-content\\\/uploads\\\/2026\\\/09\\\/62.png\",\"articleSection\":[\"Cultura\"],\"inLanguage\":\"es\",\"potentialAction\":[{\"@type\":\"CommentAction\",\"name\":\"Comment\",\"target\":[\"https:\\\/\\\/despertadormx.mx\\\/index.php\\\/2026\\\/09\\\/02\\\/marco-nombra-a-sofia-hernandez-como-nueva-curadora\\\/#respond\"]}]},{\"@type\":\"WebPage\",\"@id\":\"https:\\\/\\\/despertadormx.mx\\\/index.php\\\/2026\\\/09\\\/02\\\/marco-nombra-a-sofia-hernandez-como-nueva-curadora\\\/\",\"url\":\"https:\\\/\\\/despertadormx.mx\\\/index.php\\\/2026\\\/09\\\/02\\\/marco-nombra-a-sofia-hernandez-como-nueva-curadora\\\/\",\"name\":\"MARCO nombra a Sof\u00eda Hern\u00e1ndez como nueva curadora | despertador mx\",\"isPartOf\":{\"@id\":\"https:\\\/\\\/despertadormx.mx\\\/#website\"},\"primaryImageOfPage\":{\"@id\":\"https:\\\/\\\/despertadormx.mx\\\/index.php\\\/2026\\\/09\\\/02\\\/marco-nombra-a-sofia-hernandez-como-nueva-curadora\\\/#primaryimage\"},\"image\":{\"@id\":\"https:\\\/\\\/despertadormx.mx\\\/index.php\\\/2026\\\/09\\\/02\\\/marco-nombra-a-sofia-hernandez-como-nueva-curadora\\\/#primaryimage\"},\"thumbnailUrl\":\"https:\\\/\\\/despertadormx.mx\\\/wp-content\\\/uploads\\\/2026\\\/09\\\/62.png\",\"datePublished\":\"2026-09-02T16:58:19+00:00\",\"dateModified\":\"2026-09-04T16:59:10+00:00\",\"breadcrumb\":{\"@id\":\"https:\\\/\\\/despertadormx.mx\\\/index.php\\\/2026\\\/09\\\/02\\\/marco-nombra-a-sofia-hernandez-como-nueva-curadora\\\/#breadcrumb\"},\"inLanguage\":\"es\",\"potentialAction\":[{\"@type\":\"ReadAction\",\"target\":[\"https:\\\/\\\/despertadormx.mx\\\/index.php\\\/2026\\\/09\\\/02\\\/marco-nombra-a-sofia-hernandez-como-nueva-curadora\\\/\"]}]},{\"@type\":\"ImageObject\",\"inLanguage\":\"es\",\"@id\":\"https:\\\/\\\/despertadormx.mx\\\/index.php\\\/2026\\\/09\\\/02\\\/marco-nombra-a-sofia-hernandez-como-nueva-curadora\\\/#primaryimage\",\"url\":\"https:\\\/\\\/despertadormx.mx\\\/wp-content\\\/uploads\\\/2026\\\/09\\\/62.png\",\"contentUrl\":\"https:\\\/\\\/despertadormx.mx\\\/wp-content\\\/uploads\\\/2026\\\/09\\\/62.png\",\"width\":1200,\"height\":722},{\"@type\":\"BreadcrumbList\",\"@id\":\"https:\\\/\\\/despertadormx.mx\\\/index.php\\\/2026\\\/09\\\/02\\\/marco-nombra-a-sofia-hernandez-como-nueva-curadora\\\/#breadcrumb\",\"itemListElement\":[{\"@type\":\"ListItem\",\"position\":1,\"name\":\"Inicio\",\"item\":\"https:\\\/\\\/despertadormx.mx\\\/\"},{\"@type\":\"ListItem\",\"position\":2,\"name\":\"MARCO nombra a Sof\u00eda Hern\u00e1ndez como nueva curadora\"}]},{\"@type\":\"WebSite\",\"@id\":\"https:\\\/\\\/despertadormx.mx\\\/#website\",\"url\":\"https:\\\/\\\/despertadormx.mx\\\/\",\"name\":\"despertador mx\",\"description\":\"\",\"publisher\":{\"@id\":\"https:\\\/\\\/despertadormx.mx\\\/#organization\"},\"potentialAction\":[{\"@type\":\"SearchAction\",\"target\":{\"@type\":\"EntryPoint\",\"urlTemplate\":\"https:\\\/\\\/despertadormx.mx\\\/?s={search_term_string}\"},\"query-input\":{\"@type\":\"PropertyValueSpecification\",\"valueRequired\":true,\"valueName\":\"search_term_string\"}}],\"inLanguage\":\"es\"},{\"@type\":\"Organization\",\"@id\":\"https:\\\/\\\/despertadormx.mx\\\/#organization\",\"name\":\"despertador mx\",\"url\":\"https:\\\/\\\/despertadormx.mx\\\/\",\"logo\":{\"@type\":\"ImageObject\",\"inLanguage\":\"es\",\"@id\":\"https:\\\/\\\/despertadormx.mx\\\/#\\\/schema\\\/logo\\\/image\\\/\",\"url\":\"https:\\\/\\\/despertadormx.mx\\\/wp-content\\\/uploads\\\/2025\\\/05\\\/LOGO-DESPERTADOR-1-scaled.png\",\"contentUrl\":\"https:\\\/\\\/despertadormx.mx\\\/wp-content\\\/uploads\\\/2025\\\/05\\\/LOGO-DESPERTADOR-1-scaled.png\",\"width\":2560,\"height\":2370,\"caption\":\"despertador mx\"},\"image\":{\"@id\":\"https:\\\/\\\/despertadormx.mx\\\/#\\\/schema\\\/logo\\\/image\\\/\"},\"sameAs\":[\"https:\\\/\\\/www.facebook.com\\\/despertadom\",\"https:\\\/\\\/www.instagram.com\\\/despertador.m.x?igsh=MTcwYzRjYjdqMm11cA&utm_source=qr\",\"https:\\\/\\\/www.youtube.com\\\/@despertador.m.x\"]},{\"@type\":\"Person\",\"@id\":\"https:\\\/\\\/despertadormx.mx\\\/#\\\/schema\\\/person\\\/130b3808b7cb2ae87c9b8ed44afef513\",\"name\":\"despertadormx.com\",\"image\":{\"@type\":\"ImageObject\",\"inLanguage\":\"es\",\"@id\":\"https:\\\/\\\/secure.gravatar.com\\\/avatar\\\/f8f56db645af77135d63bea778a5507315c09e61c16020554b24c7c6a10f1221?s=96&d=mm&r=g\",\"url\":\"https:\\\/\\\/secure.gravatar.com\\\/avatar\\\/f8f56db645af77135d63bea778a5507315c09e61c16020554b24c7c6a10f1221?s=96&d=mm&r=g\",\"contentUrl\":\"https:\\\/\\\/secure.gravatar.com\\\/avatar\\\/f8f56db645af77135d63bea778a5507315c09e61c16020554b24c7c6a10f1221?s=96&d=mm&r=g\",\"caption\":\"despertadormx.com\"},\"sameAs\":[\"https:\\\/\\\/despertadormx.mx\"],\"url\":\"https:\\\/\\\/despertadormx.mx\\\/index.php\\\/author\\\/despertadormx-com\\\/\"}]}<\/script>\n<!-- \/ Yoast SEO plugin. -->","yoast_head_json":{"title":"MARCO nombra a Sof\u00eda Hern\u00e1ndez como nueva curadora | despertador mx","robots":{"index":"index","follow":"follow","max-snippet":"max-snippet:-1","max-image-preview":"max-image-preview:large","max-video-preview":"max-video-preview:-1"},"canonical":"https:\/\/despertadormx.mx\/index.php\/2026\/09\/02\/marco-nombra-a-sofia-hernandez-como-nueva-curadora\/","og_locale":"es_MX","og_type":"article","og_title":"MARCO nombra a Sof\u00eda Hern\u00e1ndez como nueva curadora | despertador mx","og_description":"El Museo de Arte Contempor\u00e1neo de Monterrey (MARCO) nombr\u00f3 a Sof\u00eda Hern\u00e1ndez Chong Cuy como Curadora-at-Large, posici\u00f3n desde la que encabezar\u00e1 el an\u00e1lisis y estudio de la colecci\u00f3n permanente. Su trabajo buscar\u00e1 construir una visi\u00f3n del arte contempor\u00e1neo desde el norte de M\u00e9xico, considerando sus din\u00e1micas culturales y v\u00ednculos fronterizos con Estados Unidos. La posici\u00f3n [&hellip;]","og_url":"https:\/\/despertadormx.mx\/index.php\/2026\/09\/02\/marco-nombra-a-sofia-hernandez-como-nueva-curadora\/","og_site_name":"despertador mx","article_publisher":"https:\/\/www.facebook.com\/despertadom","article_published_time":"2026-09-02T16:58:19+00:00","article_modified_time":"2026-09-04T16:59:10+00:00","og_image":[{"width":1200,"height":722,"url":"https:\/\/despertadormx.mx\/wp-content\/uploads\/2026\/09\/62.png","type":"image\/png"}],"author":"despertadormx.com","twitter_card":"summary_large_image","twitter_misc":{"Escrito por":"despertadormx.com","Tiempo de lectura":"1 minuto"},"schema":{"@context":"https:\/\/schema.org","@graph":[{"@type":"Article","@id":"https:\/\/despertadormx.mx\/index.php\/2026\/09\/02\/marco-nombra-a-sofia-hernandez-como-nueva-curadora\/#article","isPartOf":{"@id":"https:\/\/despertadormx.mx\/index.php\/2026\/09\/02\/marco-nombra-a-sofia-hernandez-como-nueva-curadora\/"},"author":{"name":"despertadormx.com","@id":"https:\/\/despertadormx.mx\/#\/schema\/person\/130b3808b7cb2ae87c9b8ed44afef513"},"headline":"MARCO nombra a Sof\u00eda Hern\u00e1ndez como nueva curadora","datePublished":"2026-09-02T16:58:19+00:00","dateModified":"2026-09-04T16:59:10+00:00","mainEntityOfPage":{"@id":"https:\/\/despertadormx.mx\/index.php\/2026\/09\/02\/marco-nombra-a-sofia-hernandez-como-nueva-curadora\/"},"wordCount":187,"commentCount":0,"publisher":{"@id":"https:\/\/despertadormx.mx\/#organization"},"image":{"@id":"https:\/\/despertadormx.mx\/index.php\/2026\/09\/02\/marco-nombra-a-sofia-hernandez-como-nueva-curadora\/#primaryimage"},"thumbnailUrl":"https:\/\/despertadormx.mx\/wp-content\/uploads\/2026\/09\/62.png","articleSection":["Cultura"],"inLanguage":"es","potentialAction":[{"@type":"CommentAction","name":"Comment","target":["https:\/\/despertadormx.mx\/index.php\/2026\/09\/02\/marco-nombra-a-sofia-hernandez-como-nueva-curadora\/#respond"]}]},{"@type":"WebPage","@id":"https:\/\/despertadormx.mx\/index.php\/2026\/09\/02\/marco-nombra-a-sofia-hernandez-como-nueva-curadora\/","url":"https:\/\/despertadormx.mx\/index.php\/2026\/09\/02\/marco-nombra-a-sofia-hernandez-como-nueva-curadora\/","name":"MARCO nombra a Sof\u00eda Hern\u00e1ndez como nueva curadora | despertador mx","isPartOf":{"@id":"https:\/\/despertadormx.mx\/#website"},"primaryImageOfPage":{"@id":"https:\/\/despertadormx.mx\/index.php\/2026\/09\/02\/marco-nombra-a-sofia-hernandez-como-nueva-curadora\/#primaryimage"},"image":{"@id":"https:\/\/despertadormx.mx\/index.php\/2026\/09\/02\/marco-nombra-a-sofia-hernandez-como-nueva-curadora\/#primaryimage"},"thumbnailUrl":"https:\/\/despertadormx.mx\/wp-content\/uploads\/2026\/09\/62.png","datePublished":"2026-09-02T16:58:19+00:00","dateModified":"2026-09-04T16:59:10+00:00","breadcrumb":{"@id":"https:\/\/despertadormx.mx\/index.php\/2026\/09\/02\/marco-nombra-a-sofia-hernandez-como-nueva-curadora\/#breadcrumb"},"inLanguage":"es","potentialAction":[{"@type":"ReadAction","target":["https:\/\/despertadormx.mx\/index.php\/2026\/09\/02\/marco-nombra-a-sofia-hernandez-como-nueva-curadora\/"]}]},{"@type":"ImageObject","inLanguage":"es","@id":"https:\/\/despertadormx.mx\/index.php\/2026\/09\/02\/marco-nombra-a-sofia-hernandez-como-nueva-curadora\/#primaryimage","url":"https:\/\/despertadormx.mx\/wp-content\/uploads\/2026\/09\/62.png","contentUrl":"https:\/\/despertadormx.mx\/wp-content\/uploads\/2026\/09\/62.png","width":1200,"height":722},{"@type":"BreadcrumbList","@id":"https:\/\/despertadormx.mx\/index.php\/2026\/09\/02\/marco-nombra-a-sofia-hernandez-como-nueva-curadora\/#breadcrumb","itemListElement":[{"@type":"ListItem","position":1,"name":"Inicio","item":"https:\/\/despertadormx.mx\/"},{"@type":"ListItem","position":2,"name":"MARCO nombra a Sof\u00eda Hern\u00e1ndez como nueva curadora"}]},{"@type":"WebSite","@id":"https:\/\/despertadormx.mx\/#website","url":"https:\/\/despertadormx.mx\/","name":"despertador mx","description":"","publisher":{"@id":"https:\/\/despertadormx.mx\/#organization"},"potentialAction":[{"@type":"SearchAction","target":{"@type":"EntryPoint","urlTemplate":"https:\/\/despertadormx.mx\/?s={search_term_string}"},"query-input":{"@type":"PropertyValueSpecification","valueRequired":true,"valueName":"search_term_string"}}],"inLanguage":"es"},{"@type":"Organization","@id":"https:\/\/despertadormx.mx\/#organization","name":"despertador mx","url":"https:\/\/despertadormx.mx\/","logo":{"@type":"ImageObject","inLanguage":"es","@id":"https:\/\/despertadormx.mx\/#\/schema\/logo\/image\/","url":"https:\/\/despertadormx.mx\/wp-content\/uploads\/2025\/05\/LOGO-DESPERTADOR-1-scaled.png","contentUrl":"https:\/\/despertadormx.mx\/wp-content\/uploads\/2025\/05\/LOGO-DESPERTADOR-1-scaled.png","width":2560,"height":2370,"caption":"despertador mx"},"image":{"@id":"https:\/\/despertadormx.mx\/#\/schema\/logo\/image\/"},"sameAs":["https:\/\/www.facebook.com\/despertadom","https:\/\/www.instagram.com\/despertador.m.x?igsh=MTcwYzRjYjdqMm11cA&utm_source=qr","https:\/\/www.youtube.com\/@despertador.m.x"]},{"@type":"Person","@id":"https:\/\/despertadormx.mx\/#\/schema\/person\/130b3808b7cb2ae87c9b8ed44afef513","name":"despertadormx.com","image":{"@type":"ImageObject","inLanguage":"es","@id":"https:\/\/secure.gravatar.com\/avatar\/f8f56db645af77135d63bea778a5507315c09e61c16020554b24c7c6a10f1221?s=96&d=mm&r=g","url":"https:\/\/secure.gravatar.com\/avatar\/f8f56db645af77135d63bea778a5507315c09e61c16020554b24c7c6a10f1221?s=96&d=mm&r=g","contentUrl":"https:\/\/secure.gravatar.com\/avatar\/f8f56db645af77135d63bea778a5507315c09e61c16020554b24c7c6a10f1221?s=96&d=mm&r=g","caption":"despertadormx.com"},"sameAs":["https:\/\/despertadormx.mx"],"url":"https:\/\/despertadormx.mx\/index.php\/author\/despertadormx-com\/"}]}},"rttpg_featured_image_url":{"full":["https:\/\/despertadormx.mx\/wp-content\/uploads\/2026\/09\/62.png",1200,722,false],"landscape":["https:\/\/despertadormx.mx\/wp-content\/uploads\/2026\/09\/62.png",1200,722,false],"portraits":["https:\/\/despertadormx.mx\/wp-content\/uploads\/2026\/09\/62.png",1200,722,false],"thumbnail":["https:\/\/despertadormx.mx\/wp-content\/uploads\/2026\/09\/62-150x150.png",150,150,true],"medium":["https:\/\/despertadormx.mx\/wp-content\/uploads\/2026\/09\/62-300x181.png",300,181,true],"large":["https:\/\/despertadormx.mx\/wp-content\/uploads\/2026\/09\/62-1024x616.png",640,385,true],"1536x1536":["https:\/\/despertadormx.mx\/wp-content\/uploads\/2026\/09\/62.png",1200,722,false],"2048x2048":["https:\/\/despertadormx.mx\/wp-content\/uploads\/2026\/09\/62.png",1200,722,false],"newsup-slider-full":["https:\/\/despertadormx.mx\/wp-content\/uploads\/2026\/09\/62-1200x720.png",1200,720,true],"newsup-featured":["https:\/\/despertadormx.mx\/wp-content\/uploads\/2026\/09\/62-1024x616.png",1024,616,true],"newsup-medium":["https:\/\/despertadormx.mx\/wp-content\/uploads\/2026\/09\/62-720x380.png",720,380,true]},"rttpg_author":{"display_name":"despertadormx.com","author_link":"https:\/\/despertadormx.mx\/index.php\/author\/despertadormx-com\/"},"rttpg_comment":0,"rttpg_category":"<a href=\"https:\/\/despertadormx.mx\/index.php\/category\/cultura\/\" rel=\"category tag\">Cultura<\/a>","rttpg_excerpt":"El Museo de Arte Contempor\u00e1neo de Monterrey (MARCO) nombr\u00f3 a Sof\u00eda Hern\u00e1ndez Chong Cuy como Curadora-at-Large, posici\u00f3n desde la que encabezar\u00e1 el an\u00e1lisis y estudio de la colecci\u00f3n permanente. Su trabajo buscar\u00e1 construir una visi\u00f3n del arte contempor\u00e1neo desde el norte de M\u00e9xico, considerando sus din\u00e1micas culturales y v\u00ednculos fronterizos con Estados Unidos. La posici\u00f3n&hellip;","_links":{"self":[{"href":"https:\/\/despertadormx.mx\/index.php\/wp-json\/wp\/v2\/posts\/15981","targetHints":{"allow":["GET"]}}],"collection":[{"href":"https:\/\/despertadormx.mx\/index.php\/wp-json\/wp\/v2\/posts"}],"about":[{"href":"https:\/\/despertadormx.mx\/index.php\/wp-json\/wp\/v2\/types\/post"}],"author":[{"embeddable":true,"href":"https:\/\/despertadormx.mx\/index.php\/wp-json\/wp\/v2\/users\/1"}],"replies":[{"embeddable":true,"href":"https:\/\/despertadormx.mx\/index.php\/wp-json\/wp\/v2\/comments?post=15981"}],"version-history":[{"count":1,"href":"https:\/\/despertadormx.mx\/index.php\/wp-json\/wp\/v2\/posts\/15981\/revisions"}],"predecessor-version":[{"id":15982,"href":"https:\/\/despertadormx.mx\/index.php\/wp-json\/wp\/v2\/posts\/15981\/revisions\/15982"}],"wp:featuredmedia":[{"embeddable":true,"href":"https:\/\/despertadormx.mx\/index.php\/wp-json\/wp\/v2\/media\/15966"}],"wp:attachment":[{"href":"https:\/\/despertadormx.mx\/index.php\/wp-json\/wp\/v2\/media?parent=15981"}],"wp:term":[{"taxonomy":"category","embeddable":true,"href":"https:\/\/despertadormx.mx\/index.php\/wp-json\/wp\/v2\/categories?post=15981"},{"taxonomy":"post_tag","embeddable":true,"href":"https:\/\/despertadormx.mx\/index.php\/wp-json\/wp\/v2\/tags?post=15981"}],"curies":[{"name":"wp","href":"https:\/\/api.w.org\/{rel}","templated":true}]}}