{"id":15973,"date":"2026-09-02T10:51:58","date_gmt":"2026-09-02T16:51:58","guid":{"rendered":"https:\/\/despertadormx.mx\/?p=15973"},"modified":"2026-09-04T10:53:04","modified_gmt":"2026-09-04T16:53:04","slug":"congreso-recibe-informe-presidencial-camaras-analizaran-documento-presidencial","status":"publish","type":"post","link":"https:\/\/despertadormx.mx\/index.php\/2026\/09\/02\/congreso-recibe-informe-presidencial-camaras-analizaran-documento-presidencial\/","title":{"rendered":"Congreso recibe informe presidencial c\u00e1maras analizar\u00e1n documento presidencial"},"content":{"rendered":"\n<p class=\"wp-block-paragraph\">El Congreso de la Uni\u00f3n recibi\u00f3 el Segundo Informe de Gobierno de la presidenta Claudia Sheinbaum Pardo, entregado por la secretaria de Gobernaci\u00f3n, Rosa Icela Rodr\u00edguez. El presidente de la C\u00e1mara de Diputados, Ra\u00fal Bola\u00f1os Cacho-Cu\u00e9, fue el encargado de recibir el documento durante la sesi\u00f3n de Congreso General.<\/p>\n\n\n\n<p class=\"wp-block-paragraph\">Bola\u00f1os declar\u00f3 formalmente cumplida la obligaci\u00f3n establecida en el art\u00edculo 69 de la Constituci\u00f3n y solicit\u00f3 que el informe sea turnado a las c\u00e1maras de Diputados y de Senadores. Cada una realizar\u00e1 por separado el an\u00e1lisis correspondiente sobre el estado que guarda la Administraci\u00f3n P\u00fablica Federal.<\/p>\n\n\n\n<p class=\"wp-block-paragraph\">Durante la sesi\u00f3n se inform\u00f3 que fueron entregados dos ejemplares impresos, acompa\u00f1ados de tarjetas QR para consultar la versi\u00f3n digital del Segundo Informe. Tambi\u00e9n se distribuyeron 500 accesos para diputadas y diputados federales y 128 para senadoras y senadores. Una comisi\u00f3n integrada por legisladores de distintas fuerzas pol\u00edticas acompa\u00f1\u00f3 a Rosa Icela Rodr\u00edguez durante la entrega formal.<\/p>\n","protected":false},"excerpt":{"rendered":"<p>El Congreso de la Uni\u00f3n recibi\u00f3 el Segundo Informe de Gobierno de la presidenta Claudia Sheinbaum Pardo, entregado por la secretaria de Gobernaci\u00f3n, Rosa Icela Rodr\u00edguez. El presidente de la C\u00e1mara de Diputados, Ra\u00fal Bola\u00f1os Cacho-Cu\u00e9, fue el encargado de recibir el documento durante la sesi\u00f3n de Congreso General. Bola\u00f1os declar\u00f3 formalmente cumplida la obligaci\u00f3n [&hellip;]<\/p>\n","protected":false},"author":1,"featured_media":15970,"comment_status":"open","ping_status":"open","sticky":false,"template":"","format":"standard","meta":{"footnotes":""},"categories":[1144],"tags":[],"class_list":["post-15973","post","type-post","status-publish","format-standard","has-post-thumbnail","hentry","category-politica-nacional"],"yoast_head":"<!-- This site is optimized with the Yoast SEO plugin v28.2 - https:\/\/yoast.com\/product\/yoast-seo-wordpress\/ -->\n<title>Congreso recibe informe presidencial c\u00e1maras analizar\u00e1n documento presidencial | despertador mx<\/title>\n<meta name=\"robots\" content=\"index, follow, max-snippet:-1, max-image-preview:large, max-video-preview:-1\" \/>\n<link rel=\"canonical\" href=\"https:\/\/despertadormx.mx\/index.php\/2026\/09\/02\/congreso-recibe-informe-presidencial-camaras-analizaran-documento-presidencial\/\" \/>\n<meta property=\"og:locale\" content=\"es_MX\" \/>\n<meta property=\"og:type\" content=\"article\" \/>\n<meta property=\"og:title\" content=\"Congreso recibe informe presidencial c\u00e1maras analizar\u00e1n documento presidencial | despertador mx\" \/>\n<meta property=\"og:description\" content=\"El Congreso de la Uni\u00f3n recibi\u00f3 el Segundo Informe de Gobierno de la presidenta Claudia Sheinbaum Pardo, entregado por la secretaria de Gobernaci\u00f3n, Rosa Icela Rodr\u00edguez. El presidente de la C\u00e1mara de Diputados, Ra\u00fal Bola\u00f1os Cacho-Cu\u00e9, fue el encargado de recibir el documento durante la sesi\u00f3n de Congreso General. Bola\u00f1os declar\u00f3 formalmente cumplida la obligaci\u00f3n [&hellip;]\" \/>\n<meta property=\"og:url\" content=\"https:\/\/despertadormx.mx\/index.php\/2026\/09\/02\/congreso-recibe-informe-presidencial-camaras-analizaran-documento-presidencial\/\" \/>\n<meta property=\"og:site_name\" content=\"despertador mx\" \/>\n<meta property=\"article:publisher\" content=\"https:\/\/www.facebook.com\/despertadom\" \/>\n<meta property=\"article:published_time\" content=\"2026-09-02T16:51:58+00:00\" \/>\n<meta property=\"article:modified_time\" content=\"2026-09-04T16:53:04+00:00\" \/>\n<meta property=\"og:image\" content=\"https:\/\/despertadormx.mx\/wp-content\/uploads\/2026\/09\/21.png\" \/>\n\t<meta property=\"og:image:width\" content=\"1200\" \/>\n\t<meta property=\"og:image:height\" content=\"722\" \/>\n\t<meta property=\"og:image:type\" content=\"image\/png\" \/>\n<meta name=\"author\" content=\"despertadormx.com\" \/>\n<meta name=\"twitter:card\" content=\"summary_large_image\" \/>\n<meta name=\"twitter:label1\" content=\"Escrito por\" \/>\n\t<meta name=\"twitter:data1\" content=\"despertadormx.com\" \/>\n\t<meta name=\"twitter:label2\" content=\"Tiempo de lectura\" \/>\n\t<meta name=\"twitter:data2\" content=\"1 minuto\" \/>\n<script type=\"application\/ld+json\" class=\"yoast-schema-graph\">{\"@context\":\"https:\\\/\\\/schema.org\",\"@graph\":[{\"@type\":\"Article\",\"@id\":\"https:\\\/\\\/despertadormx.mx\\\/index.php\\\/2026\\\/09\\\/02\\\/congreso-recibe-informe-presidencial-camaras-analizaran-documento-presidencial\\\/#article\",\"isPartOf\":{\"@id\":\"https:\\\/\\\/despertadormx.mx\\\/index.php\\\/2026\\\/09\\\/02\\\/congreso-recibe-informe-presidencial-camaras-analizaran-documento-presidencial\\\/\"},\"author\":{\"name\":\"despertadormx.com\",\"@id\":\"https:\\\/\\\/despertadormx.mx\\\/#\\\/schema\\\/person\\\/130b3808b7cb2ae87c9b8ed44afef513\"},\"headline\":\"Congreso recibe informe presidencial c\u00e1maras analizar\u00e1n documento presidencial\",\"datePublished\":\"2026-09-02T16:51:58+00:00\",\"dateModified\":\"2026-09-04T16:53:04+00:00\",\"mainEntityOfPage\":{\"@id\":\"https:\\\/\\\/despertadormx.mx\\\/index.php\\\/2026\\\/09\\\/02\\\/congreso-recibe-informe-presidencial-camaras-analizaran-documento-presidencial\\\/\"},\"wordCount\":181,\"commentCount\":0,\"publisher\":{\"@id\":\"https:\\\/\\\/despertadormx.mx\\\/#organization\"},\"image\":{\"@id\":\"https:\\\/\\\/despertadormx.mx\\\/index.php\\\/2026\\\/09\\\/02\\\/congreso-recibe-informe-presidencial-camaras-analizaran-documento-presidencial\\\/#primaryimage\"},\"thumbnailUrl\":\"https:\\\/\\\/despertadormx.mx\\\/wp-content\\\/uploads\\\/2026\\\/09\\\/21.png\",\"articleSection\":[\"Pol\u00edtica Nacional\"],\"inLanguage\":\"es\",\"potentialAction\":[{\"@type\":\"CommentAction\",\"name\":\"Comment\",\"target\":[\"https:\\\/\\\/despertadormx.mx\\\/index.php\\\/2026\\\/09\\\/02\\\/congreso-recibe-informe-presidencial-camaras-analizaran-documento-presidencial\\\/#respond\"]}]},{\"@type\":\"WebPage\",\"@id\":\"https:\\\/\\\/despertadormx.mx\\\/index.php\\\/2026\\\/09\\\/02\\\/congreso-recibe-informe-presidencial-camaras-analizaran-documento-presidencial\\\/\",\"url\":\"https:\\\/\\\/despertadormx.mx\\\/index.php\\\/2026\\\/09\\\/02\\\/congreso-recibe-informe-presidencial-camaras-analizaran-documento-presidencial\\\/\",\"name\":\"Congreso recibe informe presidencial c\u00e1maras analizar\u00e1n documento presidencial | despertador mx\",\"isPartOf\":{\"@id\":\"https:\\\/\\\/despertadormx.mx\\\/#website\"},\"primaryImageOfPage\":{\"@id\":\"https:\\\/\\\/despertadormx.mx\\\/index.php\\\/2026\\\/09\\\/02\\\/congreso-recibe-informe-presidencial-camaras-analizaran-documento-presidencial\\\/#primaryimage\"},\"image\":{\"@id\":\"https:\\\/\\\/despertadormx.mx\\\/index.php\\\/2026\\\/09\\\/02\\\/congreso-recibe-informe-presidencial-camaras-analizaran-documento-presidencial\\\/#primaryimage\"},\"thumbnailUrl\":\"https:\\\/\\\/despertadormx.mx\\\/wp-content\\\/uploads\\\/2026\\\/09\\\/21.png\",\"datePublished\":\"2026-09-02T16:51:58+00:00\",\"dateModified\":\"2026-09-04T16:53:04+00:00\",\"breadcrumb\":{\"@id\":\"https:\\\/\\\/despertadormx.mx\\\/index.php\\\/2026\\\/09\\\/02\\\/congreso-recibe-informe-presidencial-camaras-analizaran-documento-presidencial\\\/#breadcrumb\"},\"inLanguage\":\"es\",\"potentialAction\":[{\"@type\":\"ReadAction\",\"target\":[\"https:\\\/\\\/despertadormx.mx\\\/index.php\\\/2026\\\/09\\\/02\\\/congreso-recibe-informe-presidencial-camaras-analizaran-documento-presidencial\\\/\"]}]},{\"@type\":\"ImageObject\",\"inLanguage\":\"es\",\"@id\":\"https:\\\/\\\/despertadormx.mx\\\/index.php\\\/2026\\\/09\\\/02\\\/congreso-recibe-informe-presidencial-camaras-analizaran-documento-presidencial\\\/#primaryimage\",\"url\":\"https:\\\/\\\/despertadormx.mx\\\/wp-content\\\/uploads\\\/2026\\\/09\\\/21.png\",\"contentUrl\":\"https:\\\/\\\/despertadormx.mx\\\/wp-content\\\/uploads\\\/2026\\\/09\\\/21.png\",\"width\":1200,\"height\":722},{\"@type\":\"BreadcrumbList\",\"@id\":\"https:\\\/\\\/despertadormx.mx\\\/index.php\\\/2026\\\/09\\\/02\\\/congreso-recibe-informe-presidencial-camaras-analizaran-documento-presidencial\\\/#breadcrumb\",\"itemListElement\":[{\"@type\":\"ListItem\",\"position\":1,\"name\":\"Inicio\",\"item\":\"https:\\\/\\\/despertadormx.mx\\\/\"},{\"@type\":\"ListItem\",\"position\":2,\"name\":\"Congreso recibe informe presidencial c\u00e1maras analizar\u00e1n documento presidencial\"}]},{\"@type\":\"WebSite\",\"@id\":\"https:\\\/\\\/despertadormx.mx\\\/#website\",\"url\":\"https:\\\/\\\/despertadormx.mx\\\/\",\"name\":\"despertador mx\",\"description\":\"\",\"publisher\":{\"@id\":\"https:\\\/\\\/despertadormx.mx\\\/#organization\"},\"potentialAction\":[{\"@type\":\"SearchAction\",\"target\":{\"@type\":\"EntryPoint\",\"urlTemplate\":\"https:\\\/\\\/despertadormx.mx\\\/?s={search_term_string}\"},\"query-input\":{\"@type\":\"PropertyValueSpecification\",\"valueRequired\":true,\"valueName\":\"search_term_string\"}}],\"inLanguage\":\"es\"},{\"@type\":\"Organization\",\"@id\":\"https:\\\/\\\/despertadormx.mx\\\/#organization\",\"name\":\"despertador mx\",\"url\":\"https:\\\/\\\/despertadormx.mx\\\/\",\"logo\":{\"@type\":\"ImageObject\",\"inLanguage\":\"es\",\"@id\":\"https:\\\/\\\/despertadormx.mx\\\/#\\\/schema\\\/logo\\\/image\\\/\",\"url\":\"https:\\\/\\\/despertadormx.mx\\\/wp-content\\\/uploads\\\/2025\\\/05\\\/LOGO-DESPERTADOR-1-scaled.png\",\"contentUrl\":\"https:\\\/\\\/despertadormx.mx\\\/wp-content\\\/uploads\\\/2025\\\/05\\\/LOGO-DESPERTADOR-1-scaled.png\",\"width\":2560,\"height\":2370,\"caption\":\"despertador mx\"},\"image\":{\"@id\":\"https:\\\/\\\/despertadormx.mx\\\/#\\\/schema\\\/logo\\\/image\\\/\"},\"sameAs\":[\"https:\\\/\\\/www.facebook.com\\\/despertadom\",\"https:\\\/\\\/www.instagram.com\\\/despertador.m.x?igsh=MTcwYzRjYjdqMm11cA&utm_source=qr\",\"https:\\\/\\\/www.youtube.com\\\/@despertador.m.x\"]},{\"@type\":\"Person\",\"@id\":\"https:\\\/\\\/despertadormx.mx\\\/#\\\/schema\\\/person\\\/130b3808b7cb2ae87c9b8ed44afef513\",\"name\":\"despertadormx.com\",\"image\":{\"@type\":\"ImageObject\",\"inLanguage\":\"es\",\"@id\":\"https:\\\/\\\/secure.gravatar.com\\\/avatar\\\/f8f56db645af77135d63bea778a5507315c09e61c16020554b24c7c6a10f1221?s=96&d=mm&r=g\",\"url\":\"https:\\\/\\\/secure.gravatar.com\\\/avatar\\\/f8f56db645af77135d63bea778a5507315c09e61c16020554b24c7c6a10f1221?s=96&d=mm&r=g\",\"contentUrl\":\"https:\\\/\\\/secure.gravatar.com\\\/avatar\\\/f8f56db645af77135d63bea778a5507315c09e61c16020554b24c7c6a10f1221?s=96&d=mm&r=g\",\"caption\":\"despertadormx.com\"},\"sameAs\":[\"https:\\\/\\\/despertadormx.mx\"],\"url\":\"https:\\\/\\\/despertadormx.mx\\\/index.php\\\/author\\\/despertadormx-com\\\/\"}]}<\/script>\n<!-- \/ Yoast SEO plugin. -->","yoast_head_json":{"title":"Congreso recibe informe presidencial c\u00e1maras analizar\u00e1n documento presidencial | despertador mx","robots":{"index":"index","follow":"follow","max-snippet":"max-snippet:-1","max-image-preview":"max-image-preview:large","max-video-preview":"max-video-preview:-1"},"canonical":"https:\/\/despertadormx.mx\/index.php\/2026\/09\/02\/congreso-recibe-informe-presidencial-camaras-analizaran-documento-presidencial\/","og_locale":"es_MX","og_type":"article","og_title":"Congreso recibe informe presidencial c\u00e1maras analizar\u00e1n documento presidencial | despertador mx","og_description":"El Congreso de la Uni\u00f3n recibi\u00f3 el Segundo Informe de Gobierno de la presidenta Claudia Sheinbaum Pardo, entregado por la secretaria de Gobernaci\u00f3n, Rosa Icela Rodr\u00edguez. El presidente de la C\u00e1mara de Diputados, Ra\u00fal Bola\u00f1os Cacho-Cu\u00e9, fue el encargado de recibir el documento durante la sesi\u00f3n de Congreso General. Bola\u00f1os declar\u00f3 formalmente cumplida la obligaci\u00f3n [&hellip;]","og_url":"https:\/\/despertadormx.mx\/index.php\/2026\/09\/02\/congreso-recibe-informe-presidencial-camaras-analizaran-documento-presidencial\/","og_site_name":"despertador mx","article_publisher":"https:\/\/www.facebook.com\/despertadom","article_published_time":"2026-09-02T16:51:58+00:00","article_modified_time":"2026-09-04T16:53:04+00:00","og_image":[{"width":1200,"height":722,"url":"https:\/\/despertadormx.mx\/wp-content\/uploads\/2026\/09\/21.png","type":"image\/png"}],"author":"despertadormx.com","twitter_card":"summary_large_image","twitter_misc":{"Escrito por":"despertadormx.com","Tiempo de lectura":"1 minuto"},"schema":{"@context":"https:\/\/schema.org","@graph":[{"@type":"Article","@id":"https:\/\/despertadormx.mx\/index.php\/2026\/09\/02\/congreso-recibe-informe-presidencial-camaras-analizaran-documento-presidencial\/#article","isPartOf":{"@id":"https:\/\/despertadormx.mx\/index.php\/2026\/09\/02\/congreso-recibe-informe-presidencial-camaras-analizaran-documento-presidencial\/"},"author":{"name":"despertadormx.com","@id":"https:\/\/despertadormx.mx\/#\/schema\/person\/130b3808b7cb2ae87c9b8ed44afef513"},"headline":"Congreso recibe informe presidencial c\u00e1maras analizar\u00e1n documento presidencial","datePublished":"2026-09-02T16:51:58+00:00","dateModified":"2026-09-04T16:53:04+00:00","mainEntityOfPage":{"@id":"https:\/\/despertadormx.mx\/index.php\/2026\/09\/02\/congreso-recibe-informe-presidencial-camaras-analizaran-documento-presidencial\/"},"wordCount":181,"commentCount":0,"publisher":{"@id":"https:\/\/despertadormx.mx\/#organization"},"image":{"@id":"https:\/\/despertadormx.mx\/index.php\/2026\/09\/02\/congreso-recibe-informe-presidencial-camaras-analizaran-documento-presidencial\/#primaryimage"},"thumbnailUrl":"https:\/\/despertadormx.mx\/wp-content\/uploads\/2026\/09\/21.png","articleSection":["Pol\u00edtica Nacional"],"inLanguage":"es","potentialAction":[{"@type":"CommentAction","name":"Comment","target":["https:\/\/despertadormx.mx\/index.php\/2026\/09\/02\/congreso-recibe-informe-presidencial-camaras-analizaran-documento-presidencial\/#respond"]}]},{"@type":"WebPage","@id":"https:\/\/despertadormx.mx\/index.php\/2026\/09\/02\/congreso-recibe-informe-presidencial-camaras-analizaran-documento-presidencial\/","url":"https:\/\/despertadormx.mx\/index.php\/2026\/09\/02\/congreso-recibe-informe-presidencial-camaras-analizaran-documento-presidencial\/","name":"Congreso recibe informe presidencial c\u00e1maras analizar\u00e1n documento presidencial | despertador mx","isPartOf":{"@id":"https:\/\/despertadormx.mx\/#website"},"primaryImageOfPage":{"@id":"https:\/\/despertadormx.mx\/index.php\/2026\/09\/02\/congreso-recibe-informe-presidencial-camaras-analizaran-documento-presidencial\/#primaryimage"},"image":{"@id":"https:\/\/despertadormx.mx\/index.php\/2026\/09\/02\/congreso-recibe-informe-presidencial-camaras-analizaran-documento-presidencial\/#primaryimage"},"thumbnailUrl":"https:\/\/despertadormx.mx\/wp-content\/uploads\/2026\/09\/21.png","datePublished":"2026-09-02T16:51:58+00:00","dateModified":"2026-09-04T16:53:04+00:00","breadcrumb":{"@id":"https:\/\/despertadormx.mx\/index.php\/2026\/09\/02\/congreso-recibe-informe-presidencial-camaras-analizaran-documento-presidencial\/#breadcrumb"},"inLanguage":"es","potentialAction":[{"@type":"ReadAction","target":["https:\/\/despertadormx.mx\/index.php\/2026\/09\/02\/congreso-recibe-informe-presidencial-camaras-analizaran-documento-presidencial\/"]}]},{"@type":"ImageObject","inLanguage":"es","@id":"https:\/\/despertadormx.mx\/index.php\/2026\/09\/02\/congreso-recibe-informe-presidencial-camaras-analizaran-documento-presidencial\/#primaryimage","url":"https:\/\/despertadormx.mx\/wp-content\/uploads\/2026\/09\/21.png","contentUrl":"https:\/\/despertadormx.mx\/wp-content\/uploads\/2026\/09\/21.png","width":1200,"height":722},{"@type":"BreadcrumbList","@id":"https:\/\/despertadormx.mx\/index.php\/2026\/09\/02\/congreso-recibe-informe-presidencial-camaras-analizaran-documento-presidencial\/#breadcrumb","itemListElement":[{"@type":"ListItem","position":1,"name":"Inicio","item":"https:\/\/despertadormx.mx\/"},{"@type":"ListItem","position":2,"name":"Congreso recibe informe presidencial c\u00e1maras analizar\u00e1n documento presidencial"}]},{"@type":"WebSite","@id":"https:\/\/despertadormx.mx\/#website","url":"https:\/\/despertadormx.mx\/","name":"despertador mx","description":"","publisher":{"@id":"https:\/\/despertadormx.mx\/#organization"},"potentialAction":[{"@type":"SearchAction","target":{"@type":"EntryPoint","urlTemplate":"https:\/\/despertadormx.mx\/?s={search_term_string}"},"query-input":{"@type":"PropertyValueSpecification","valueRequired":true,"valueName":"search_term_string"}}],"inLanguage":"es"},{"@type":"Organization","@id":"https:\/\/despertadormx.mx\/#organization","name":"despertador mx","url":"https:\/\/despertadormx.mx\/","logo":{"@type":"ImageObject","inLanguage":"es","@id":"https:\/\/despertadormx.mx\/#\/schema\/logo\/image\/","url":"https:\/\/despertadormx.mx\/wp-content\/uploads\/2025\/05\/LOGO-DESPERTADOR-1-scaled.png","contentUrl":"https:\/\/despertadormx.mx\/wp-content\/uploads\/2025\/05\/LOGO-DESPERTADOR-1-scaled.png","width":2560,"height":2370,"caption":"despertador mx"},"image":{"@id":"https:\/\/despertadormx.mx\/#\/schema\/logo\/image\/"},"sameAs":["https:\/\/www.facebook.com\/despertadom","https:\/\/www.instagram.com\/despertador.m.x?igsh=MTcwYzRjYjdqMm11cA&utm_source=qr","https:\/\/www.youtube.com\/@despertador.m.x"]},{"@type":"Person","@id":"https:\/\/despertadormx.mx\/#\/schema\/person\/130b3808b7cb2ae87c9b8ed44afef513","name":"despertadormx.com","image":{"@type":"ImageObject","inLanguage":"es","@id":"https:\/\/secure.gravatar.com\/avatar\/f8f56db645af77135d63bea778a5507315c09e61c16020554b24c7c6a10f1221?s=96&d=mm&r=g","url":"https:\/\/secure.gravatar.com\/avatar\/f8f56db645af77135d63bea778a5507315c09e61c16020554b24c7c6a10f1221?s=96&d=mm&r=g","contentUrl":"https:\/\/secure.gravatar.com\/avatar\/f8f56db645af77135d63bea778a5507315c09e61c16020554b24c7c6a10f1221?s=96&d=mm&r=g","caption":"despertadormx.com"},"sameAs":["https:\/\/despertadormx.mx"],"url":"https:\/\/despertadormx.mx\/index.php\/author\/despertadormx-com\/"}]}},"rttpg_featured_image_url":{"full":["https:\/\/despertadormx.mx\/wp-content\/uploads\/2026\/09\/21.png",1200,722,false],"landscape":["https:\/\/despertadormx.mx\/wp-content\/uploads\/2026\/09\/21.png",1200,722,false],"portraits":["https:\/\/despertadormx.mx\/wp-content\/uploads\/2026\/09\/21.png",1200,722,false],"thumbnail":["https:\/\/despertadormx.mx\/wp-content\/uploads\/2026\/09\/21-150x150.png",150,150,true],"medium":["https:\/\/despertadormx.mx\/wp-content\/uploads\/2026\/09\/21-300x181.png",300,181,true],"large":["https:\/\/despertadormx.mx\/wp-content\/uploads\/2026\/09\/21-1024x616.png",640,385,true],"1536x1536":["https:\/\/despertadormx.mx\/wp-content\/uploads\/2026\/09\/21.png",1200,722,false],"2048x2048":["https:\/\/despertadormx.mx\/wp-content\/uploads\/2026\/09\/21.png",1200,722,false],"newsup-slider-full":["https:\/\/despertadormx.mx\/wp-content\/uploads\/2026\/09\/21-1200x720.png",1200,720,true],"newsup-featured":["https:\/\/despertadormx.mx\/wp-content\/uploads\/2026\/09\/21-1024x616.png",1024,616,true],"newsup-medium":["https:\/\/despertadormx.mx\/wp-content\/uploads\/2026\/09\/21-720x380.png",720,380,true]},"rttpg_author":{"display_name":"despertadormx.com","author_link":"https:\/\/despertadormx.mx\/index.php\/author\/despertadormx-com\/"},"rttpg_comment":0,"rttpg_category":"<a href=\"https:\/\/despertadormx.mx\/index.php\/category\/politica-nacional\/\" rel=\"category tag\">Pol\u00edtica Nacional<\/a>","rttpg_excerpt":"El Congreso de la Uni\u00f3n recibi\u00f3 el Segundo Informe de Gobierno de la presidenta Claudia Sheinbaum Pardo, entregado por la secretaria de Gobernaci\u00f3n, Rosa Icela Rodr\u00edguez. El presidente de la C\u00e1mara de Diputados, Ra\u00fal Bola\u00f1os Cacho-Cu\u00e9, fue el encargado de recibir el documento durante la sesi\u00f3n de Congreso General. Bola\u00f1os declar\u00f3 formalmente cumplida la obligaci\u00f3n&hellip;","_links":{"self":[{"href":"https:\/\/despertadormx.mx\/index.php\/wp-json\/wp\/v2\/posts\/15973","targetHints":{"allow":["GET"]}}],"collection":[{"href":"https:\/\/despertadormx.mx\/index.php\/wp-json\/wp\/v2\/posts"}],"about":[{"href":"https:\/\/despertadormx.mx\/index.php\/wp-json\/wp\/v2\/types\/post"}],"author":[{"embeddable":true,"href":"https:\/\/despertadormx.mx\/index.php\/wp-json\/wp\/v2\/users\/1"}],"replies":[{"embeddable":true,"href":"https:\/\/despertadormx.mx\/index.php\/wp-json\/wp\/v2\/comments?post=15973"}],"version-history":[{"count":1,"href":"https:\/\/despertadormx.mx\/index.php\/wp-json\/wp\/v2\/posts\/15973\/revisions"}],"predecessor-version":[{"id":15974,"href":"https:\/\/despertadormx.mx\/index.php\/wp-json\/wp\/v2\/posts\/15973\/revisions\/15974"}],"wp:featuredmedia":[{"embeddable":true,"href":"https:\/\/despertadormx.mx\/index.php\/wp-json\/wp\/v2\/media\/15970"}],"wp:attachment":[{"href":"https:\/\/despertadormx.mx\/index.php\/wp-json\/wp\/v2\/media?parent=15973"}],"wp:term":[{"taxonomy":"category","embeddable":true,"href":"https:\/\/despertadormx.mx\/index.php\/wp-json\/wp\/v2\/categories?post=15973"},{"taxonomy":"post_tag","embeddable":true,"href":"https:\/\/despertadormx.mx\/index.php\/wp-json\/wp\/v2\/tags?post=15973"}],"curies":[{"name":"wp","href":"https:\/\/api.w.org\/{rel}","templated":true}]}}