{"id":13601,"date":"2026-05-01T18:42:20","date_gmt":"2026-05-02T00:42:20","guid":{"rendered":"https:\/\/despertadormx.mx\/?p=13601"},"modified":"2026-05-01T18:42:21","modified_gmt":"2026-05-02T00:42:21","slug":"iran-mantiene-aparente-normalidad-pese-a-crisis-y-guerra","status":"publish","type":"post","link":"https:\/\/despertadormx.mx\/index.php\/2026\/05\/01\/iran-mantiene-aparente-normalidad-pese-a-crisis-y-guerra\/","title":{"rendered":"Ir\u00e1n mantiene aparente normalidad pese a crisis y guerra"},"content":{"rendered":"\n<p>Ir\u00e1n proyecta una imagen de normalidad cotidiana pese a meses de guerra, represi\u00f3n interna y crisis econ\u00f3mica, en un contexto donde la poblaci\u00f3n intenta sostener su vida diaria mientras enfrenta un deterioro profundo en sus condiciones materiales y emocionales. Caf\u00e9s llenos, eventos culturales y viajes contrastan con un entorno marcado por incertidumbre y desgaste social.<\/p>\n\n\n\n<p>El conflicto reciente, junto con la represi\u00f3n de protestas y restricciones como el control de internet, ha impactado severamente el \u00e1nimo colectivo. Testimonios recogidos fuera del pa\u00eds reflejan una sensaci\u00f3n generalizada de desesperanza, particularmente entre j\u00f3venes, mientras sectores m\u00e1s adultos muestran mayor capacidad de adaptaci\u00f3n tras d\u00e9cadas de inestabilidad.<\/p>\n\n\n\n<p>En paralelo, el deterioro econ\u00f3mico limita el acceso a bienes b\u00e1sicos y reduce las perspectivas de movilidad social. Aunque algunos optan por mantener patrones de consumo inmediatos ante la incertidumbre, otros recortan gastos en previsi\u00f3n de un escenario m\u00e1s adverso, reflejando respuestas divergentes frente a la crisis.<\/p>\n\n\n\n<p>Analistas se\u00f1alan que esta aparente estabilidad responde m\u00e1s a resiliencia social que a condiciones estructurales s\u00f3lidas. La combinaci\u00f3n de presi\u00f3n externa, aislamiento y tensiones internas mantiene a la poblaci\u00f3n en una situaci\u00f3n de adaptaci\u00f3n constante, con riesgos latentes para la cohesi\u00f3n social en el mediano plazo.<\/p>\n","protected":false},"excerpt":{"rendered":"<p>Ir\u00e1n proyecta una imagen de normalidad cotidiana pese a meses de guerra, represi\u00f3n interna y crisis econ\u00f3mica, en un contexto donde la poblaci\u00f3n intenta sostener su vida diaria mientras enfrenta un deterioro profundo en sus condiciones materiales y emocionales. Caf\u00e9s llenos, eventos culturales y viajes contrastan con un entorno marcado por incertidumbre y desgaste social. [&hellip;]<\/p>\n","protected":false},"author":1,"featured_media":13590,"comment_status":"open","ping_status":"open","sticky":false,"template":"","format":"standard","meta":{"footnotes":""},"categories":[1142],"tags":[],"class_list":["post-13601","post","type-post","status-publish","format-standard","has-post-thumbnail","hentry","category-analisis"],"yoast_head":"<!-- This site is optimized with the Yoast SEO plugin v27.5 - https:\/\/yoast.com\/product\/yoast-seo-wordpress\/ -->\n<title>Ir\u00e1n mantiene aparente normalidad pese a crisis y guerra | despertador mx<\/title>\n<meta name=\"robots\" content=\"index, follow, max-snippet:-1, max-image-preview:large, max-video-preview:-1\" \/>\n<link rel=\"canonical\" href=\"https:\/\/despertadormx.mx\/index.php\/2026\/05\/01\/iran-mantiene-aparente-normalidad-pese-a-crisis-y-guerra\/\" \/>\n<meta property=\"og:locale\" content=\"es_MX\" \/>\n<meta property=\"og:type\" content=\"article\" \/>\n<meta property=\"og:title\" content=\"Ir\u00e1n mantiene aparente normalidad pese a crisis y guerra | despertador mx\" \/>\n<meta property=\"og:description\" content=\"Ir\u00e1n proyecta una imagen de normalidad cotidiana pese a meses de guerra, represi\u00f3n interna y crisis econ\u00f3mica, en un contexto donde la poblaci\u00f3n intenta sostener su vida diaria mientras enfrenta un deterioro profundo en sus condiciones materiales y emocionales. Caf\u00e9s llenos, eventos culturales y viajes contrastan con un entorno marcado por incertidumbre y desgaste social. [&hellip;]\" \/>\n<meta property=\"og:url\" content=\"https:\/\/despertadormx.mx\/index.php\/2026\/05\/01\/iran-mantiene-aparente-normalidad-pese-a-crisis-y-guerra\/\" \/>\n<meta property=\"og:site_name\" content=\"despertador mx\" \/>\n<meta property=\"article:publisher\" content=\"https:\/\/www.facebook.com\/despertadom\" \/>\n<meta property=\"article:published_time\" content=\"2026-05-02T00:42:20+00:00\" \/>\n<meta property=\"article:modified_time\" content=\"2026-05-02T00:42:21+00:00\" \/>\n<meta property=\"og:image\" content=\"https:\/\/despertadormx.mx\/wp-content\/uploads\/2026\/05\/9-3.png\" \/>\n\t<meta property=\"og:image:width\" content=\"1200\" \/>\n\t<meta property=\"og:image:height\" content=\"722\" \/>\n\t<meta property=\"og:image:type\" content=\"image\/png\" \/>\n<meta name=\"author\" content=\"despertadormx.com\" \/>\n<meta name=\"twitter:card\" content=\"summary_large_image\" \/>\n<meta name=\"twitter:label1\" content=\"Escrito por\" \/>\n\t<meta name=\"twitter:data1\" content=\"despertadormx.com\" \/>\n\t<meta name=\"twitter:label2\" content=\"Tiempo de lectura\" \/>\n\t<meta name=\"twitter:data2\" content=\"2 minutos\" \/>\n<script type=\"application\/ld+json\" class=\"yoast-schema-graph\">{\"@context\":\"https:\\\/\\\/schema.org\",\"@graph\":[{\"@type\":\"Article\",\"@id\":\"https:\\\/\\\/despertadormx.mx\\\/index.php\\\/2026\\\/05\\\/01\\\/iran-mantiene-aparente-normalidad-pese-a-crisis-y-guerra\\\/#article\",\"isPartOf\":{\"@id\":\"https:\\\/\\\/despertadormx.mx\\\/index.php\\\/2026\\\/05\\\/01\\\/iran-mantiene-aparente-normalidad-pese-a-crisis-y-guerra\\\/\"},\"author\":{\"name\":\"despertadormx.com\",\"@id\":\"https:\\\/\\\/despertadormx.mx\\\/#\\\/schema\\\/person\\\/130b3808b7cb2ae87c9b8ed44afef513\"},\"headline\":\"Ir\u00e1n mantiene aparente normalidad pese a crisis y guerra\",\"datePublished\":\"2026-05-02T00:42:20+00:00\",\"dateModified\":\"2026-05-02T00:42:21+00:00\",\"mainEntityOfPage\":{\"@id\":\"https:\\\/\\\/despertadormx.mx\\\/index.php\\\/2026\\\/05\\\/01\\\/iran-mantiene-aparente-normalidad-pese-a-crisis-y-guerra\\\/\"},\"wordCount\":232,\"commentCount\":0,\"publisher\":{\"@id\":\"https:\\\/\\\/despertadormx.mx\\\/#organization\"},\"image\":{\"@id\":\"https:\\\/\\\/despertadormx.mx\\\/index.php\\\/2026\\\/05\\\/01\\\/iran-mantiene-aparente-normalidad-pese-a-crisis-y-guerra\\\/#primaryimage\"},\"thumbnailUrl\":\"https:\\\/\\\/despertadormx.mx\\\/wp-content\\\/uploads\\\/2026\\\/05\\\/9-3.png\",\"articleSection\":[\"An\u00e1lisis\"],\"inLanguage\":\"es\",\"potentialAction\":[{\"@type\":\"CommentAction\",\"name\":\"Comment\",\"target\":[\"https:\\\/\\\/despertadormx.mx\\\/index.php\\\/2026\\\/05\\\/01\\\/iran-mantiene-aparente-normalidad-pese-a-crisis-y-guerra\\\/#respond\"]}]},{\"@type\":\"WebPage\",\"@id\":\"https:\\\/\\\/despertadormx.mx\\\/index.php\\\/2026\\\/05\\\/01\\\/iran-mantiene-aparente-normalidad-pese-a-crisis-y-guerra\\\/\",\"url\":\"https:\\\/\\\/despertadormx.mx\\\/index.php\\\/2026\\\/05\\\/01\\\/iran-mantiene-aparente-normalidad-pese-a-crisis-y-guerra\\\/\",\"name\":\"Ir\u00e1n mantiene aparente normalidad pese a crisis y guerra | despertador mx\",\"isPartOf\":{\"@id\":\"https:\\\/\\\/despertadormx.mx\\\/#website\"},\"primaryImageOfPage\":{\"@id\":\"https:\\\/\\\/despertadormx.mx\\\/index.php\\\/2026\\\/05\\\/01\\\/iran-mantiene-aparente-normalidad-pese-a-crisis-y-guerra\\\/#primaryimage\"},\"image\":{\"@id\":\"https:\\\/\\\/despertadormx.mx\\\/index.php\\\/2026\\\/05\\\/01\\\/iran-mantiene-aparente-normalidad-pese-a-crisis-y-guerra\\\/#primaryimage\"},\"thumbnailUrl\":\"https:\\\/\\\/despertadormx.mx\\\/wp-content\\\/uploads\\\/2026\\\/05\\\/9-3.png\",\"datePublished\":\"2026-05-02T00:42:20+00:00\",\"dateModified\":\"2026-05-02T00:42:21+00:00\",\"breadcrumb\":{\"@id\":\"https:\\\/\\\/despertadormx.mx\\\/index.php\\\/2026\\\/05\\\/01\\\/iran-mantiene-aparente-normalidad-pese-a-crisis-y-guerra\\\/#breadcrumb\"},\"inLanguage\":\"es\",\"potentialAction\":[{\"@type\":\"ReadAction\",\"target\":[\"https:\\\/\\\/despertadormx.mx\\\/index.php\\\/2026\\\/05\\\/01\\\/iran-mantiene-aparente-normalidad-pese-a-crisis-y-guerra\\\/\"]}]},{\"@type\":\"ImageObject\",\"inLanguage\":\"es\",\"@id\":\"https:\\\/\\\/despertadormx.mx\\\/index.php\\\/2026\\\/05\\\/01\\\/iran-mantiene-aparente-normalidad-pese-a-crisis-y-guerra\\\/#primaryimage\",\"url\":\"https:\\\/\\\/despertadormx.mx\\\/wp-content\\\/uploads\\\/2026\\\/05\\\/9-3.png\",\"contentUrl\":\"https:\\\/\\\/despertadormx.mx\\\/wp-content\\\/uploads\\\/2026\\\/05\\\/9-3.png\",\"width\":1200,\"height\":722},{\"@type\":\"BreadcrumbList\",\"@id\":\"https:\\\/\\\/despertadormx.mx\\\/index.php\\\/2026\\\/05\\\/01\\\/iran-mantiene-aparente-normalidad-pese-a-crisis-y-guerra\\\/#breadcrumb\",\"itemListElement\":[{\"@type\":\"ListItem\",\"position\":1,\"name\":\"Inicio\",\"item\":\"https:\\\/\\\/olive-porpoise-471889.hostingersite.com\\\/\"},{\"@type\":\"ListItem\",\"position\":2,\"name\":\"Ir\u00e1n mantiene aparente normalidad pese a crisis y guerra\"}]},{\"@type\":\"WebSite\",\"@id\":\"https:\\\/\\\/despertadormx.mx\\\/#website\",\"url\":\"https:\\\/\\\/despertadormx.mx\\\/\",\"name\":\"despertador mx\",\"description\":\"\",\"publisher\":{\"@id\":\"https:\\\/\\\/despertadormx.mx\\\/#organization\"},\"potentialAction\":[{\"@type\":\"SearchAction\",\"target\":{\"@type\":\"EntryPoint\",\"urlTemplate\":\"https:\\\/\\\/despertadormx.mx\\\/?s={search_term_string}\"},\"query-input\":{\"@type\":\"PropertyValueSpecification\",\"valueRequired\":true,\"valueName\":\"search_term_string\"}}],\"inLanguage\":\"es\"},{\"@type\":\"Organization\",\"@id\":\"https:\\\/\\\/despertadormx.mx\\\/#organization\",\"name\":\"despertador mx\",\"url\":\"https:\\\/\\\/despertadormx.mx\\\/\",\"logo\":{\"@type\":\"ImageObject\",\"inLanguage\":\"es\",\"@id\":\"https:\\\/\\\/despertadormx.mx\\\/#\\\/schema\\\/logo\\\/image\\\/\",\"url\":\"https:\\\/\\\/despertadormx.mx\\\/wp-content\\\/uploads\\\/2025\\\/05\\\/LOGO-DESPERTADOR-1-scaled.png\",\"contentUrl\":\"https:\\\/\\\/despertadormx.mx\\\/wp-content\\\/uploads\\\/2025\\\/05\\\/LOGO-DESPERTADOR-1-scaled.png\",\"width\":2560,\"height\":2370,\"caption\":\"despertador mx\"},\"image\":{\"@id\":\"https:\\\/\\\/despertadormx.mx\\\/#\\\/schema\\\/logo\\\/image\\\/\"},\"sameAs\":[\"https:\\\/\\\/www.facebook.com\\\/despertadom\",\"https:\\\/\\\/www.instagram.com\\\/despertador.m.x?igsh=MTcwYzRjYjdqMm11cA&utm_source=qr\",\"https:\\\/\\\/www.youtube.com\\\/@despertador.m.x\"]},{\"@type\":\"Person\",\"@id\":\"https:\\\/\\\/despertadormx.mx\\\/#\\\/schema\\\/person\\\/130b3808b7cb2ae87c9b8ed44afef513\",\"name\":\"despertadormx.com\",\"image\":{\"@type\":\"ImageObject\",\"inLanguage\":\"es\",\"@id\":\"https:\\\/\\\/secure.gravatar.com\\\/avatar\\\/f8f56db645af77135d63bea778a5507315c09e61c16020554b24c7c6a10f1221?s=96&d=mm&r=g\",\"url\":\"https:\\\/\\\/secure.gravatar.com\\\/avatar\\\/f8f56db645af77135d63bea778a5507315c09e61c16020554b24c7c6a10f1221?s=96&d=mm&r=g\",\"contentUrl\":\"https:\\\/\\\/secure.gravatar.com\\\/avatar\\\/f8f56db645af77135d63bea778a5507315c09e61c16020554b24c7c6a10f1221?s=96&d=mm&r=g\",\"caption\":\"despertadormx.com\"},\"sameAs\":[\"https:\\\/\\\/despertadormx.mx\"],\"url\":\"https:\\\/\\\/despertadormx.mx\\\/index.php\\\/author\\\/despertadormx-com\\\/\"}]}<\/script>\n<!-- \/ Yoast SEO plugin. -->","yoast_head_json":{"title":"Ir\u00e1n mantiene aparente normalidad pese a crisis y guerra | despertador mx","robots":{"index":"index","follow":"follow","max-snippet":"max-snippet:-1","max-image-preview":"max-image-preview:large","max-video-preview":"max-video-preview:-1"},"canonical":"https:\/\/despertadormx.mx\/index.php\/2026\/05\/01\/iran-mantiene-aparente-normalidad-pese-a-crisis-y-guerra\/","og_locale":"es_MX","og_type":"article","og_title":"Ir\u00e1n mantiene aparente normalidad pese a crisis y guerra | despertador mx","og_description":"Ir\u00e1n proyecta una imagen de normalidad cotidiana pese a meses de guerra, represi\u00f3n interna y crisis econ\u00f3mica, en un contexto donde la poblaci\u00f3n intenta sostener su vida diaria mientras enfrenta un deterioro profundo en sus condiciones materiales y emocionales. Caf\u00e9s llenos, eventos culturales y viajes contrastan con un entorno marcado por incertidumbre y desgaste social. [&hellip;]","og_url":"https:\/\/despertadormx.mx\/index.php\/2026\/05\/01\/iran-mantiene-aparente-normalidad-pese-a-crisis-y-guerra\/","og_site_name":"despertador mx","article_publisher":"https:\/\/www.facebook.com\/despertadom","article_published_time":"2026-05-02T00:42:20+00:00","article_modified_time":"2026-05-02T00:42:21+00:00","og_image":[{"width":1200,"height":722,"url":"https:\/\/despertadormx.mx\/wp-content\/uploads\/2026\/05\/9-3.png","type":"image\/png"}],"author":"despertadormx.com","twitter_card":"summary_large_image","twitter_misc":{"Escrito por":"despertadormx.com","Tiempo de lectura":"2 minutos"},"schema":{"@context":"https:\/\/schema.org","@graph":[{"@type":"Article","@id":"https:\/\/despertadormx.mx\/index.php\/2026\/05\/01\/iran-mantiene-aparente-normalidad-pese-a-crisis-y-guerra\/#article","isPartOf":{"@id":"https:\/\/despertadormx.mx\/index.php\/2026\/05\/01\/iran-mantiene-aparente-normalidad-pese-a-crisis-y-guerra\/"},"author":{"name":"despertadormx.com","@id":"https:\/\/despertadormx.mx\/#\/schema\/person\/130b3808b7cb2ae87c9b8ed44afef513"},"headline":"Ir\u00e1n mantiene aparente normalidad pese a crisis y guerra","datePublished":"2026-05-02T00:42:20+00:00","dateModified":"2026-05-02T00:42:21+00:00","mainEntityOfPage":{"@id":"https:\/\/despertadormx.mx\/index.php\/2026\/05\/01\/iran-mantiene-aparente-normalidad-pese-a-crisis-y-guerra\/"},"wordCount":232,"commentCount":0,"publisher":{"@id":"https:\/\/despertadormx.mx\/#organization"},"image":{"@id":"https:\/\/despertadormx.mx\/index.php\/2026\/05\/01\/iran-mantiene-aparente-normalidad-pese-a-crisis-y-guerra\/#primaryimage"},"thumbnailUrl":"https:\/\/despertadormx.mx\/wp-content\/uploads\/2026\/05\/9-3.png","articleSection":["An\u00e1lisis"],"inLanguage":"es","potentialAction":[{"@type":"CommentAction","name":"Comment","target":["https:\/\/despertadormx.mx\/index.php\/2026\/05\/01\/iran-mantiene-aparente-normalidad-pese-a-crisis-y-guerra\/#respond"]}]},{"@type":"WebPage","@id":"https:\/\/despertadormx.mx\/index.php\/2026\/05\/01\/iran-mantiene-aparente-normalidad-pese-a-crisis-y-guerra\/","url":"https:\/\/despertadormx.mx\/index.php\/2026\/05\/01\/iran-mantiene-aparente-normalidad-pese-a-crisis-y-guerra\/","name":"Ir\u00e1n mantiene aparente normalidad pese a crisis y guerra | despertador mx","isPartOf":{"@id":"https:\/\/despertadormx.mx\/#website"},"primaryImageOfPage":{"@id":"https:\/\/despertadormx.mx\/index.php\/2026\/05\/01\/iran-mantiene-aparente-normalidad-pese-a-crisis-y-guerra\/#primaryimage"},"image":{"@id":"https:\/\/despertadormx.mx\/index.php\/2026\/05\/01\/iran-mantiene-aparente-normalidad-pese-a-crisis-y-guerra\/#primaryimage"},"thumbnailUrl":"https:\/\/despertadormx.mx\/wp-content\/uploads\/2026\/05\/9-3.png","datePublished":"2026-05-02T00:42:20+00:00","dateModified":"2026-05-02T00:42:21+00:00","breadcrumb":{"@id":"https:\/\/despertadormx.mx\/index.php\/2026\/05\/01\/iran-mantiene-aparente-normalidad-pese-a-crisis-y-guerra\/#breadcrumb"},"inLanguage":"es","potentialAction":[{"@type":"ReadAction","target":["https:\/\/despertadormx.mx\/index.php\/2026\/05\/01\/iran-mantiene-aparente-normalidad-pese-a-crisis-y-guerra\/"]}]},{"@type":"ImageObject","inLanguage":"es","@id":"https:\/\/despertadormx.mx\/index.php\/2026\/05\/01\/iran-mantiene-aparente-normalidad-pese-a-crisis-y-guerra\/#primaryimage","url":"https:\/\/despertadormx.mx\/wp-content\/uploads\/2026\/05\/9-3.png","contentUrl":"https:\/\/despertadormx.mx\/wp-content\/uploads\/2026\/05\/9-3.png","width":1200,"height":722},{"@type":"BreadcrumbList","@id":"https:\/\/despertadormx.mx\/index.php\/2026\/05\/01\/iran-mantiene-aparente-normalidad-pese-a-crisis-y-guerra\/#breadcrumb","itemListElement":[{"@type":"ListItem","position":1,"name":"Inicio","item":"https:\/\/olive-porpoise-471889.hostingersite.com\/"},{"@type":"ListItem","position":2,"name":"Ir\u00e1n mantiene aparente normalidad pese a crisis y guerra"}]},{"@type":"WebSite","@id":"https:\/\/despertadormx.mx\/#website","url":"https:\/\/despertadormx.mx\/","name":"despertador mx","description":"","publisher":{"@id":"https:\/\/despertadormx.mx\/#organization"},"potentialAction":[{"@type":"SearchAction","target":{"@type":"EntryPoint","urlTemplate":"https:\/\/despertadormx.mx\/?s={search_term_string}"},"query-input":{"@type":"PropertyValueSpecification","valueRequired":true,"valueName":"search_term_string"}}],"inLanguage":"es"},{"@type":"Organization","@id":"https:\/\/despertadormx.mx\/#organization","name":"despertador mx","url":"https:\/\/despertadormx.mx\/","logo":{"@type":"ImageObject","inLanguage":"es","@id":"https:\/\/despertadormx.mx\/#\/schema\/logo\/image\/","url":"https:\/\/despertadormx.mx\/wp-content\/uploads\/2025\/05\/LOGO-DESPERTADOR-1-scaled.png","contentUrl":"https:\/\/despertadormx.mx\/wp-content\/uploads\/2025\/05\/LOGO-DESPERTADOR-1-scaled.png","width":2560,"height":2370,"caption":"despertador mx"},"image":{"@id":"https:\/\/despertadormx.mx\/#\/schema\/logo\/image\/"},"sameAs":["https:\/\/www.facebook.com\/despertadom","https:\/\/www.instagram.com\/despertador.m.x?igsh=MTcwYzRjYjdqMm11cA&utm_source=qr","https:\/\/www.youtube.com\/@despertador.m.x"]},{"@type":"Person","@id":"https:\/\/despertadormx.mx\/#\/schema\/person\/130b3808b7cb2ae87c9b8ed44afef513","name":"despertadormx.com","image":{"@type":"ImageObject","inLanguage":"es","@id":"https:\/\/secure.gravatar.com\/avatar\/f8f56db645af77135d63bea778a5507315c09e61c16020554b24c7c6a10f1221?s=96&d=mm&r=g","url":"https:\/\/secure.gravatar.com\/avatar\/f8f56db645af77135d63bea778a5507315c09e61c16020554b24c7c6a10f1221?s=96&d=mm&r=g","contentUrl":"https:\/\/secure.gravatar.com\/avatar\/f8f56db645af77135d63bea778a5507315c09e61c16020554b24c7c6a10f1221?s=96&d=mm&r=g","caption":"despertadormx.com"},"sameAs":["https:\/\/despertadormx.mx"],"url":"https:\/\/despertadormx.mx\/index.php\/author\/despertadormx-com\/"}]}},"rttpg_featured_image_url":{"full":["https:\/\/despertadormx.mx\/wp-content\/uploads\/2026\/05\/9-3.png",1200,722,false],"landscape":["https:\/\/despertadormx.mx\/wp-content\/uploads\/2026\/05\/9-3.png",1200,722,false],"portraits":["https:\/\/despertadormx.mx\/wp-content\/uploads\/2026\/05\/9-3.png",1200,722,false],"thumbnail":["https:\/\/despertadormx.mx\/wp-content\/uploads\/2026\/05\/9-3-150x150.png",150,150,true],"medium":["https:\/\/despertadormx.mx\/wp-content\/uploads\/2026\/05\/9-3-300x181.png",300,181,true],"large":["https:\/\/despertadormx.mx\/wp-content\/uploads\/2026\/05\/9-3-1024x616.png",640,385,true],"1536x1536":["https:\/\/despertadormx.mx\/wp-content\/uploads\/2026\/05\/9-3.png",1200,722,false],"2048x2048":["https:\/\/despertadormx.mx\/wp-content\/uploads\/2026\/05\/9-3.png",1200,722,false],"newsup-slider-full":["https:\/\/despertadormx.mx\/wp-content\/uploads\/2026\/05\/9-3-1200x720.png",1200,720,true],"newsup-featured":["https:\/\/despertadormx.mx\/wp-content\/uploads\/2026\/05\/9-3-1024x616.png",1024,616,true],"newsup-medium":["https:\/\/despertadormx.mx\/wp-content\/uploads\/2026\/05\/9-3-720x380.png",720,380,true]},"rttpg_author":{"display_name":"despertadormx.com","author_link":"https:\/\/despertadormx.mx\/index.php\/author\/despertadormx-com\/"},"rttpg_comment":0,"rttpg_category":"<a href=\"https:\/\/despertadormx.mx\/index.php\/category\/analisis\/\" rel=\"category tag\">An\u00e1lisis<\/a>","rttpg_excerpt":"Ir\u00e1n proyecta una imagen de normalidad cotidiana pese a meses de guerra, represi\u00f3n interna y crisis econ\u00f3mica, en un contexto donde la poblaci\u00f3n intenta sostener su vida diaria mientras enfrenta un deterioro profundo en sus condiciones materiales y emocionales. Caf\u00e9s llenos, eventos culturales y viajes contrastan con un entorno marcado por incertidumbre y desgaste social.&hellip;","_links":{"self":[{"href":"https:\/\/despertadormx.mx\/index.php\/wp-json\/wp\/v2\/posts\/13601","targetHints":{"allow":["GET"]}}],"collection":[{"href":"https:\/\/despertadormx.mx\/index.php\/wp-json\/wp\/v2\/posts"}],"about":[{"href":"https:\/\/despertadormx.mx\/index.php\/wp-json\/wp\/v2\/types\/post"}],"author":[{"embeddable":true,"href":"https:\/\/despertadormx.mx\/index.php\/wp-json\/wp\/v2\/users\/1"}],"replies":[{"embeddable":true,"href":"https:\/\/despertadormx.mx\/index.php\/wp-json\/wp\/v2\/comments?post=13601"}],"version-history":[{"count":1,"href":"https:\/\/despertadormx.mx\/index.php\/wp-json\/wp\/v2\/posts\/13601\/revisions"}],"predecessor-version":[{"id":13602,"href":"https:\/\/despertadormx.mx\/index.php\/wp-json\/wp\/v2\/posts\/13601\/revisions\/13602"}],"wp:featuredmedia":[{"embeddable":true,"href":"https:\/\/despertadormx.mx\/index.php\/wp-json\/wp\/v2\/media\/13590"}],"wp:attachment":[{"href":"https:\/\/despertadormx.mx\/index.php\/wp-json\/wp\/v2\/media?parent=13601"}],"wp:term":[{"taxonomy":"category","embeddable":true,"href":"https:\/\/despertadormx.mx\/index.php\/wp-json\/wp\/v2\/categories?post=13601"},{"taxonomy":"post_tag","embeddable":true,"href":"https:\/\/despertadormx.mx\/index.php\/wp-json\/wp\/v2\/tags?post=13601"}],"curies":[{"name":"wp","href":"https:\/\/api.w.org\/{rel}","templated":true}]}}