{"id":13599,"date":"2026-05-01T18:41:58","date_gmt":"2026-05-02T00:41:58","guid":{"rendered":"https:\/\/despertadormx.mx\/?p=13599"},"modified":"2026-05-01T18:41:59","modified_gmt":"2026-05-02T00:41:59","slug":"gobierno-destaca-mejora-laboral-sube-poder-adquisitivo","status":"publish","type":"post","link":"https:\/\/despertadormx.mx\/index.php\/2026\/05\/01\/gobierno-destaca-mejora-laboral-sube-poder-adquisitivo\/","title":{"rendered":"Gobierno destaca mejora laboral Sube poder adquisitivo"},"content":{"rendered":"\n<p>El secretario del Trabajo, Marath Bola\u00f1os, afirm\u00f3 que en los \u00faltimos a\u00f1os se ha revertido el deterioro de las condiciones laborales heredado del periodo neoliberal. Destac\u00f3 que el incremento sostenido del salario m\u00ednimo ha permitido mejorar el poder adquisitivo y contribuir a que millones de personas salgan de la pobreza.<\/p>\n\n\n\n<p>Se\u00f1al\u00f3 que el salario m\u00ednimo pas\u00f3 de 88 a 315 pesos, un aumento de m\u00e1s de 250 por ciento, con incrementos consecutivos desde 2019. Adem\u00e1s, subray\u00f3 avances como la eliminaci\u00f3n de la subcontrataci\u00f3n, la ampliaci\u00f3n de derechos laborales para trabajadores de plataformas digitales y nuevas certificaciones para garantizar condiciones en el sector agropecuario.<\/p>\n\n\n\n<p>Bola\u00f1os tambi\u00e9n destac\u00f3 el inicio del proceso para reducir la jornada laboral de 48 a 40 horas, que beneficiar\u00e1 a millones de trabajadores. Reconoci\u00f3 que a\u00fan hay retos, pero asegur\u00f3 que se avanza hacia un modelo laboral m\u00e1s justo y con mayor bienestar.<\/p>\n","protected":false},"excerpt":{"rendered":"<p>El secretario del Trabajo, Marath Bola\u00f1os, afirm\u00f3 que en los \u00faltimos a\u00f1os se ha revertido el deterioro de las condiciones laborales heredado del periodo neoliberal. Destac\u00f3 que el incremento sostenido del salario m\u00ednimo ha permitido mejorar el poder adquisitivo y contribuir a que millones de personas salgan de la pobreza. Se\u00f1al\u00f3 que el salario m\u00ednimo [&hellip;]<\/p>\n","protected":false},"author":1,"featured_media":13586,"comment_status":"open","ping_status":"open","sticky":false,"template":"","format":"standard","meta":{"footnotes":""},"categories":[1145],"tags":[],"class_list":["post-13599","post","type-post","status-publish","format-standard","has-post-thumbnail","hentry","category-titulares"],"yoast_head":"<!-- This site is optimized with the Yoast SEO plugin v27.5 - https:\/\/yoast.com\/product\/yoast-seo-wordpress\/ -->\n<title>Gobierno destaca mejora laboral Sube poder adquisitivo | despertador mx<\/title>\n<meta name=\"robots\" content=\"index, follow, max-snippet:-1, max-image-preview:large, max-video-preview:-1\" \/>\n<link rel=\"canonical\" href=\"https:\/\/despertadormx.mx\/index.php\/2026\/05\/01\/gobierno-destaca-mejora-laboral-sube-poder-adquisitivo\/\" \/>\n<meta property=\"og:locale\" content=\"es_MX\" \/>\n<meta property=\"og:type\" content=\"article\" \/>\n<meta property=\"og:title\" content=\"Gobierno destaca mejora laboral Sube poder adquisitivo | despertador mx\" \/>\n<meta property=\"og:description\" content=\"El secretario del Trabajo, Marath Bola\u00f1os, afirm\u00f3 que en los \u00faltimos a\u00f1os se ha revertido el deterioro de las condiciones laborales heredado del periodo neoliberal. Destac\u00f3 que el incremento sostenido del salario m\u00ednimo ha permitido mejorar el poder adquisitivo y contribuir a que millones de personas salgan de la pobreza. Se\u00f1al\u00f3 que el salario m\u00ednimo [&hellip;]\" \/>\n<meta property=\"og:url\" content=\"https:\/\/despertadormx.mx\/index.php\/2026\/05\/01\/gobierno-destaca-mejora-laboral-sube-poder-adquisitivo\/\" \/>\n<meta property=\"og:site_name\" content=\"despertador mx\" \/>\n<meta property=\"article:publisher\" content=\"https:\/\/www.facebook.com\/despertadom\" \/>\n<meta property=\"article:published_time\" content=\"2026-05-02T00:41:58+00:00\" \/>\n<meta property=\"article:modified_time\" content=\"2026-05-02T00:41:59+00:00\" \/>\n<meta property=\"og:image\" content=\"https:\/\/despertadormx.mx\/wp-content\/uploads\/2026\/05\/5-3.png\" \/>\n\t<meta property=\"og:image:width\" content=\"1200\" \/>\n\t<meta property=\"og:image:height\" content=\"722\" \/>\n\t<meta property=\"og:image:type\" content=\"image\/png\" \/>\n<meta name=\"author\" content=\"despertadormx.com\" \/>\n<meta name=\"twitter:card\" content=\"summary_large_image\" \/>\n<meta name=\"twitter:label1\" content=\"Escrito por\" \/>\n\t<meta name=\"twitter:data1\" content=\"despertadormx.com\" \/>\n\t<meta name=\"twitter:label2\" content=\"Tiempo de lectura\" \/>\n\t<meta name=\"twitter:data2\" content=\"1 minuto\" \/>\n<script type=\"application\/ld+json\" class=\"yoast-schema-graph\">{\"@context\":\"https:\\\/\\\/schema.org\",\"@graph\":[{\"@type\":\"Article\",\"@id\":\"https:\\\/\\\/despertadormx.mx\\\/index.php\\\/2026\\\/05\\\/01\\\/gobierno-destaca-mejora-laboral-sube-poder-adquisitivo\\\/#article\",\"isPartOf\":{\"@id\":\"https:\\\/\\\/despertadormx.mx\\\/index.php\\\/2026\\\/05\\\/01\\\/gobierno-destaca-mejora-laboral-sube-poder-adquisitivo\\\/\"},\"author\":{\"name\":\"despertadormx.com\",\"@id\":\"https:\\\/\\\/despertadormx.mx\\\/#\\\/schema\\\/person\\\/130b3808b7cb2ae87c9b8ed44afef513\"},\"headline\":\"Gobierno destaca mejora laboral Sube poder adquisitivo\",\"datePublished\":\"2026-05-02T00:41:58+00:00\",\"dateModified\":\"2026-05-02T00:41:59+00:00\",\"mainEntityOfPage\":{\"@id\":\"https:\\\/\\\/despertadormx.mx\\\/index.php\\\/2026\\\/05\\\/01\\\/gobierno-destaca-mejora-laboral-sube-poder-adquisitivo\\\/\"},\"wordCount\":161,\"commentCount\":0,\"publisher\":{\"@id\":\"https:\\\/\\\/despertadormx.mx\\\/#organization\"},\"image\":{\"@id\":\"https:\\\/\\\/despertadormx.mx\\\/index.php\\\/2026\\\/05\\\/01\\\/gobierno-destaca-mejora-laboral-sube-poder-adquisitivo\\\/#primaryimage\"},\"thumbnailUrl\":\"https:\\\/\\\/despertadormx.mx\\\/wp-content\\\/uploads\\\/2026\\\/05\\\/5-3.png\",\"articleSection\":[\"Titulares\"],\"inLanguage\":\"es\",\"potentialAction\":[{\"@type\":\"CommentAction\",\"name\":\"Comment\",\"target\":[\"https:\\\/\\\/despertadormx.mx\\\/index.php\\\/2026\\\/05\\\/01\\\/gobierno-destaca-mejora-laboral-sube-poder-adquisitivo\\\/#respond\"]}]},{\"@type\":\"WebPage\",\"@id\":\"https:\\\/\\\/despertadormx.mx\\\/index.php\\\/2026\\\/05\\\/01\\\/gobierno-destaca-mejora-laboral-sube-poder-adquisitivo\\\/\",\"url\":\"https:\\\/\\\/despertadormx.mx\\\/index.php\\\/2026\\\/05\\\/01\\\/gobierno-destaca-mejora-laboral-sube-poder-adquisitivo\\\/\",\"name\":\"Gobierno destaca mejora laboral Sube poder adquisitivo | despertador mx\",\"isPartOf\":{\"@id\":\"https:\\\/\\\/despertadormx.mx\\\/#website\"},\"primaryImageOfPage\":{\"@id\":\"https:\\\/\\\/despertadormx.mx\\\/index.php\\\/2026\\\/05\\\/01\\\/gobierno-destaca-mejora-laboral-sube-poder-adquisitivo\\\/#primaryimage\"},\"image\":{\"@id\":\"https:\\\/\\\/despertadormx.mx\\\/index.php\\\/2026\\\/05\\\/01\\\/gobierno-destaca-mejora-laboral-sube-poder-adquisitivo\\\/#primaryimage\"},\"thumbnailUrl\":\"https:\\\/\\\/despertadormx.mx\\\/wp-content\\\/uploads\\\/2026\\\/05\\\/5-3.png\",\"datePublished\":\"2026-05-02T00:41:58+00:00\",\"dateModified\":\"2026-05-02T00:41:59+00:00\",\"breadcrumb\":{\"@id\":\"https:\\\/\\\/despertadormx.mx\\\/index.php\\\/2026\\\/05\\\/01\\\/gobierno-destaca-mejora-laboral-sube-poder-adquisitivo\\\/#breadcrumb\"},\"inLanguage\":\"es\",\"potentialAction\":[{\"@type\":\"ReadAction\",\"target\":[\"https:\\\/\\\/despertadormx.mx\\\/index.php\\\/2026\\\/05\\\/01\\\/gobierno-destaca-mejora-laboral-sube-poder-adquisitivo\\\/\"]}]},{\"@type\":\"ImageObject\",\"inLanguage\":\"es\",\"@id\":\"https:\\\/\\\/despertadormx.mx\\\/index.php\\\/2026\\\/05\\\/01\\\/gobierno-destaca-mejora-laboral-sube-poder-adquisitivo\\\/#primaryimage\",\"url\":\"https:\\\/\\\/despertadormx.mx\\\/wp-content\\\/uploads\\\/2026\\\/05\\\/5-3.png\",\"contentUrl\":\"https:\\\/\\\/despertadormx.mx\\\/wp-content\\\/uploads\\\/2026\\\/05\\\/5-3.png\",\"width\":1200,\"height\":722},{\"@type\":\"BreadcrumbList\",\"@id\":\"https:\\\/\\\/despertadormx.mx\\\/index.php\\\/2026\\\/05\\\/01\\\/gobierno-destaca-mejora-laboral-sube-poder-adquisitivo\\\/#breadcrumb\",\"itemListElement\":[{\"@type\":\"ListItem\",\"position\":1,\"name\":\"Inicio\",\"item\":\"https:\\\/\\\/olive-porpoise-471889.hostingersite.com\\\/\"},{\"@type\":\"ListItem\",\"position\":2,\"name\":\"Gobierno destaca mejora laboral Sube poder adquisitivo\"}]},{\"@type\":\"WebSite\",\"@id\":\"https:\\\/\\\/despertadormx.mx\\\/#website\",\"url\":\"https:\\\/\\\/despertadormx.mx\\\/\",\"name\":\"despertador mx\",\"description\":\"\",\"publisher\":{\"@id\":\"https:\\\/\\\/despertadormx.mx\\\/#organization\"},\"potentialAction\":[{\"@type\":\"SearchAction\",\"target\":{\"@type\":\"EntryPoint\",\"urlTemplate\":\"https:\\\/\\\/despertadormx.mx\\\/?s={search_term_string}\"},\"query-input\":{\"@type\":\"PropertyValueSpecification\",\"valueRequired\":true,\"valueName\":\"search_term_string\"}}],\"inLanguage\":\"es\"},{\"@type\":\"Organization\",\"@id\":\"https:\\\/\\\/despertadormx.mx\\\/#organization\",\"name\":\"despertador mx\",\"url\":\"https:\\\/\\\/despertadormx.mx\\\/\",\"logo\":{\"@type\":\"ImageObject\",\"inLanguage\":\"es\",\"@id\":\"https:\\\/\\\/despertadormx.mx\\\/#\\\/schema\\\/logo\\\/image\\\/\",\"url\":\"https:\\\/\\\/despertadormx.mx\\\/wp-content\\\/uploads\\\/2025\\\/05\\\/LOGO-DESPERTADOR-1-scaled.png\",\"contentUrl\":\"https:\\\/\\\/despertadormx.mx\\\/wp-content\\\/uploads\\\/2025\\\/05\\\/LOGO-DESPERTADOR-1-scaled.png\",\"width\":2560,\"height\":2370,\"caption\":\"despertador mx\"},\"image\":{\"@id\":\"https:\\\/\\\/despertadormx.mx\\\/#\\\/schema\\\/logo\\\/image\\\/\"},\"sameAs\":[\"https:\\\/\\\/www.facebook.com\\\/despertadom\",\"https:\\\/\\\/www.instagram.com\\\/despertador.m.x?igsh=MTcwYzRjYjdqMm11cA&utm_source=qr\",\"https:\\\/\\\/www.youtube.com\\\/@despertador.m.x\"]},{\"@type\":\"Person\",\"@id\":\"https:\\\/\\\/despertadormx.mx\\\/#\\\/schema\\\/person\\\/130b3808b7cb2ae87c9b8ed44afef513\",\"name\":\"despertadormx.com\",\"image\":{\"@type\":\"ImageObject\",\"inLanguage\":\"es\",\"@id\":\"https:\\\/\\\/secure.gravatar.com\\\/avatar\\\/f8f56db645af77135d63bea778a5507315c09e61c16020554b24c7c6a10f1221?s=96&d=mm&r=g\",\"url\":\"https:\\\/\\\/secure.gravatar.com\\\/avatar\\\/f8f56db645af77135d63bea778a5507315c09e61c16020554b24c7c6a10f1221?s=96&d=mm&r=g\",\"contentUrl\":\"https:\\\/\\\/secure.gravatar.com\\\/avatar\\\/f8f56db645af77135d63bea778a5507315c09e61c16020554b24c7c6a10f1221?s=96&d=mm&r=g\",\"caption\":\"despertadormx.com\"},\"sameAs\":[\"https:\\\/\\\/despertadormx.mx\"],\"url\":\"https:\\\/\\\/despertadormx.mx\\\/index.php\\\/author\\\/despertadormx-com\\\/\"}]}<\/script>\n<!-- \/ Yoast SEO plugin. -->","yoast_head_json":{"title":"Gobierno destaca mejora laboral Sube poder adquisitivo | despertador mx","robots":{"index":"index","follow":"follow","max-snippet":"max-snippet:-1","max-image-preview":"max-image-preview:large","max-video-preview":"max-video-preview:-1"},"canonical":"https:\/\/despertadormx.mx\/index.php\/2026\/05\/01\/gobierno-destaca-mejora-laboral-sube-poder-adquisitivo\/","og_locale":"es_MX","og_type":"article","og_title":"Gobierno destaca mejora laboral Sube poder adquisitivo | despertador mx","og_description":"El secretario del Trabajo, Marath Bola\u00f1os, afirm\u00f3 que en los \u00faltimos a\u00f1os se ha revertido el deterioro de las condiciones laborales heredado del periodo neoliberal. Destac\u00f3 que el incremento sostenido del salario m\u00ednimo ha permitido mejorar el poder adquisitivo y contribuir a que millones de personas salgan de la pobreza. Se\u00f1al\u00f3 que el salario m\u00ednimo [&hellip;]","og_url":"https:\/\/despertadormx.mx\/index.php\/2026\/05\/01\/gobierno-destaca-mejora-laboral-sube-poder-adquisitivo\/","og_site_name":"despertador mx","article_publisher":"https:\/\/www.facebook.com\/despertadom","article_published_time":"2026-05-02T00:41:58+00:00","article_modified_time":"2026-05-02T00:41:59+00:00","og_image":[{"width":1200,"height":722,"url":"https:\/\/despertadormx.mx\/wp-content\/uploads\/2026\/05\/5-3.png","type":"image\/png"}],"author":"despertadormx.com","twitter_card":"summary_large_image","twitter_misc":{"Escrito por":"despertadormx.com","Tiempo de lectura":"1 minuto"},"schema":{"@context":"https:\/\/schema.org","@graph":[{"@type":"Article","@id":"https:\/\/despertadormx.mx\/index.php\/2026\/05\/01\/gobierno-destaca-mejora-laboral-sube-poder-adquisitivo\/#article","isPartOf":{"@id":"https:\/\/despertadormx.mx\/index.php\/2026\/05\/01\/gobierno-destaca-mejora-laboral-sube-poder-adquisitivo\/"},"author":{"name":"despertadormx.com","@id":"https:\/\/despertadormx.mx\/#\/schema\/person\/130b3808b7cb2ae87c9b8ed44afef513"},"headline":"Gobierno destaca mejora laboral Sube poder adquisitivo","datePublished":"2026-05-02T00:41:58+00:00","dateModified":"2026-05-02T00:41:59+00:00","mainEntityOfPage":{"@id":"https:\/\/despertadormx.mx\/index.php\/2026\/05\/01\/gobierno-destaca-mejora-laboral-sube-poder-adquisitivo\/"},"wordCount":161,"commentCount":0,"publisher":{"@id":"https:\/\/despertadormx.mx\/#organization"},"image":{"@id":"https:\/\/despertadormx.mx\/index.php\/2026\/05\/01\/gobierno-destaca-mejora-laboral-sube-poder-adquisitivo\/#primaryimage"},"thumbnailUrl":"https:\/\/despertadormx.mx\/wp-content\/uploads\/2026\/05\/5-3.png","articleSection":["Titulares"],"inLanguage":"es","potentialAction":[{"@type":"CommentAction","name":"Comment","target":["https:\/\/despertadormx.mx\/index.php\/2026\/05\/01\/gobierno-destaca-mejora-laboral-sube-poder-adquisitivo\/#respond"]}]},{"@type":"WebPage","@id":"https:\/\/despertadormx.mx\/index.php\/2026\/05\/01\/gobierno-destaca-mejora-laboral-sube-poder-adquisitivo\/","url":"https:\/\/despertadormx.mx\/index.php\/2026\/05\/01\/gobierno-destaca-mejora-laboral-sube-poder-adquisitivo\/","name":"Gobierno destaca mejora laboral Sube poder adquisitivo | despertador mx","isPartOf":{"@id":"https:\/\/despertadormx.mx\/#website"},"primaryImageOfPage":{"@id":"https:\/\/despertadormx.mx\/index.php\/2026\/05\/01\/gobierno-destaca-mejora-laboral-sube-poder-adquisitivo\/#primaryimage"},"image":{"@id":"https:\/\/despertadormx.mx\/index.php\/2026\/05\/01\/gobierno-destaca-mejora-laboral-sube-poder-adquisitivo\/#primaryimage"},"thumbnailUrl":"https:\/\/despertadormx.mx\/wp-content\/uploads\/2026\/05\/5-3.png","datePublished":"2026-05-02T00:41:58+00:00","dateModified":"2026-05-02T00:41:59+00:00","breadcrumb":{"@id":"https:\/\/despertadormx.mx\/index.php\/2026\/05\/01\/gobierno-destaca-mejora-laboral-sube-poder-adquisitivo\/#breadcrumb"},"inLanguage":"es","potentialAction":[{"@type":"ReadAction","target":["https:\/\/despertadormx.mx\/index.php\/2026\/05\/01\/gobierno-destaca-mejora-laboral-sube-poder-adquisitivo\/"]}]},{"@type":"ImageObject","inLanguage":"es","@id":"https:\/\/despertadormx.mx\/index.php\/2026\/05\/01\/gobierno-destaca-mejora-laboral-sube-poder-adquisitivo\/#primaryimage","url":"https:\/\/despertadormx.mx\/wp-content\/uploads\/2026\/05\/5-3.png","contentUrl":"https:\/\/despertadormx.mx\/wp-content\/uploads\/2026\/05\/5-3.png","width":1200,"height":722},{"@type":"BreadcrumbList","@id":"https:\/\/despertadormx.mx\/index.php\/2026\/05\/01\/gobierno-destaca-mejora-laboral-sube-poder-adquisitivo\/#breadcrumb","itemListElement":[{"@type":"ListItem","position":1,"name":"Inicio","item":"https:\/\/olive-porpoise-471889.hostingersite.com\/"},{"@type":"ListItem","position":2,"name":"Gobierno destaca mejora laboral Sube poder adquisitivo"}]},{"@type":"WebSite","@id":"https:\/\/despertadormx.mx\/#website","url":"https:\/\/despertadormx.mx\/","name":"despertador mx","description":"","publisher":{"@id":"https:\/\/despertadormx.mx\/#organization"},"potentialAction":[{"@type":"SearchAction","target":{"@type":"EntryPoint","urlTemplate":"https:\/\/despertadormx.mx\/?s={search_term_string}"},"query-input":{"@type":"PropertyValueSpecification","valueRequired":true,"valueName":"search_term_string"}}],"inLanguage":"es"},{"@type":"Organization","@id":"https:\/\/despertadormx.mx\/#organization","name":"despertador mx","url":"https:\/\/despertadormx.mx\/","logo":{"@type":"ImageObject","inLanguage":"es","@id":"https:\/\/despertadormx.mx\/#\/schema\/logo\/image\/","url":"https:\/\/despertadormx.mx\/wp-content\/uploads\/2025\/05\/LOGO-DESPERTADOR-1-scaled.png","contentUrl":"https:\/\/despertadormx.mx\/wp-content\/uploads\/2025\/05\/LOGO-DESPERTADOR-1-scaled.png","width":2560,"height":2370,"caption":"despertador mx"},"image":{"@id":"https:\/\/despertadormx.mx\/#\/schema\/logo\/image\/"},"sameAs":["https:\/\/www.facebook.com\/despertadom","https:\/\/www.instagram.com\/despertador.m.x?igsh=MTcwYzRjYjdqMm11cA&utm_source=qr","https:\/\/www.youtube.com\/@despertador.m.x"]},{"@type":"Person","@id":"https:\/\/despertadormx.mx\/#\/schema\/person\/130b3808b7cb2ae87c9b8ed44afef513","name":"despertadormx.com","image":{"@type":"ImageObject","inLanguage":"es","@id":"https:\/\/secure.gravatar.com\/avatar\/f8f56db645af77135d63bea778a5507315c09e61c16020554b24c7c6a10f1221?s=96&d=mm&r=g","url":"https:\/\/secure.gravatar.com\/avatar\/f8f56db645af77135d63bea778a5507315c09e61c16020554b24c7c6a10f1221?s=96&d=mm&r=g","contentUrl":"https:\/\/secure.gravatar.com\/avatar\/f8f56db645af77135d63bea778a5507315c09e61c16020554b24c7c6a10f1221?s=96&d=mm&r=g","caption":"despertadormx.com"},"sameAs":["https:\/\/despertadormx.mx"],"url":"https:\/\/despertadormx.mx\/index.php\/author\/despertadormx-com\/"}]}},"rttpg_featured_image_url":{"full":["https:\/\/despertadormx.mx\/wp-content\/uploads\/2026\/05\/5-3.png",1200,722,false],"landscape":["https:\/\/despertadormx.mx\/wp-content\/uploads\/2026\/05\/5-3.png",1200,722,false],"portraits":["https:\/\/despertadormx.mx\/wp-content\/uploads\/2026\/05\/5-3.png",1200,722,false],"thumbnail":["https:\/\/despertadormx.mx\/wp-content\/uploads\/2026\/05\/5-3-150x150.png",150,150,true],"medium":["https:\/\/despertadormx.mx\/wp-content\/uploads\/2026\/05\/5-3-300x181.png",300,181,true],"large":["https:\/\/despertadormx.mx\/wp-content\/uploads\/2026\/05\/5-3-1024x616.png",640,385,true],"1536x1536":["https:\/\/despertadormx.mx\/wp-content\/uploads\/2026\/05\/5-3.png",1200,722,false],"2048x2048":["https:\/\/despertadormx.mx\/wp-content\/uploads\/2026\/05\/5-3.png",1200,722,false],"newsup-slider-full":["https:\/\/despertadormx.mx\/wp-content\/uploads\/2026\/05\/5-3-1200x720.png",1200,720,true],"newsup-featured":["https:\/\/despertadormx.mx\/wp-content\/uploads\/2026\/05\/5-3-1024x616.png",1024,616,true],"newsup-medium":["https:\/\/despertadormx.mx\/wp-content\/uploads\/2026\/05\/5-3-720x380.png",720,380,true]},"rttpg_author":{"display_name":"despertadormx.com","author_link":"https:\/\/despertadormx.mx\/index.php\/author\/despertadormx-com\/"},"rttpg_comment":0,"rttpg_category":"<a href=\"https:\/\/despertadormx.mx\/index.php\/category\/titulares\/\" rel=\"category tag\">Titulares<\/a>","rttpg_excerpt":"El secretario del Trabajo, Marath Bola\u00f1os, afirm\u00f3 que en los \u00faltimos a\u00f1os se ha revertido el deterioro de las condiciones laborales heredado del periodo neoliberal. Destac\u00f3 que el incremento sostenido del salario m\u00ednimo ha permitido mejorar el poder adquisitivo y contribuir a que millones de personas salgan de la pobreza. Se\u00f1al\u00f3 que el salario m\u00ednimo&hellip;","_links":{"self":[{"href":"https:\/\/despertadormx.mx\/index.php\/wp-json\/wp\/v2\/posts\/13599","targetHints":{"allow":["GET"]}}],"collection":[{"href":"https:\/\/despertadormx.mx\/index.php\/wp-json\/wp\/v2\/posts"}],"about":[{"href":"https:\/\/despertadormx.mx\/index.php\/wp-json\/wp\/v2\/types\/post"}],"author":[{"embeddable":true,"href":"https:\/\/despertadormx.mx\/index.php\/wp-json\/wp\/v2\/users\/1"}],"replies":[{"embeddable":true,"href":"https:\/\/despertadormx.mx\/index.php\/wp-json\/wp\/v2\/comments?post=13599"}],"version-history":[{"count":1,"href":"https:\/\/despertadormx.mx\/index.php\/wp-json\/wp\/v2\/posts\/13599\/revisions"}],"predecessor-version":[{"id":13600,"href":"https:\/\/despertadormx.mx\/index.php\/wp-json\/wp\/v2\/posts\/13599\/revisions\/13600"}],"wp:featuredmedia":[{"embeddable":true,"href":"https:\/\/despertadormx.mx\/index.php\/wp-json\/wp\/v2\/media\/13586"}],"wp:attachment":[{"href":"https:\/\/despertadormx.mx\/index.php\/wp-json\/wp\/v2\/media?parent=13599"}],"wp:term":[{"taxonomy":"category","embeddable":true,"href":"https:\/\/despertadormx.mx\/index.php\/wp-json\/wp\/v2\/categories?post=13599"},{"taxonomy":"post_tag","embeddable":true,"href":"https:\/\/despertadormx.mx\/index.php\/wp-json\/wp\/v2\/tags?post=13599"}],"curies":[{"name":"wp","href":"https:\/\/api.w.org\/{rel}","templated":true}]}}