{"id":13567,"date":"2026-04-29T15:52:35","date_gmt":"2026-04-29T21:52:35","guid":{"rendered":"https:\/\/despertadormx.mx\/?p=13567"},"modified":"2026-04-29T15:52:36","modified_gmt":"2026-04-29T21:52:36","slug":"sheinbaum-celebra-cuerdo-por-diesel-precio-bajara-a-27-pesos-por-litro","status":"publish","type":"post","link":"https:\/\/despertadormx.mx\/index.php\/2026\/04\/29\/sheinbaum-celebra-cuerdo-por-diesel-precio-bajara-a-27-pesos-por-litro\/","title":{"rendered":"Sheinbaum celebra cuerdo por di\u00e9sel Precio bajar\u00e1 a 27 pesos por litro"},"content":{"rendered":"\n<p>La presidenta Claudia Sheinbaum destac\u00f3 el acuerdo alcanzado con gasolineros para reducir el precio del di\u00e9sel a 27 pesos por litro a partir de la pr\u00f3xima semana. Se\u00f1al\u00f3 que esta medida busca proteger la econom\u00eda de las familias ante el aumento internacional de los combustibles.<\/p>\n\n\n\n<p>La mandataria explic\u00f3 que, sin esta negociaci\u00f3n, el costo del di\u00e9sel podr\u00eda haber alcanzado hasta 35 pesos por litro. El acuerdo es de car\u00e1cter temporal y estar\u00e1 vigente mientras persista la presi\u00f3n en los mercados energ\u00e9ticos derivada del conflicto en Medio Oriente.<\/p>\n\n\n\n<p>Sheinbaum subray\u00f3 que la reducci\u00f3n se logr\u00f3 con la colaboraci\u00f3n de diversos sectores, incluyendo ajustes en comisiones y posibles incentivos fiscales. Adem\u00e1s, indic\u00f3 que el gobierno continuar\u00e1 impulsando estrategias adicionales para contener la inflaci\u00f3n y mantener estables los precios de productos b\u00e1sicos en el pa\u00eds.<\/p>\n","protected":false},"excerpt":{"rendered":"<p>La presidenta Claudia Sheinbaum destac\u00f3 el acuerdo alcanzado con gasolineros para reducir el precio del di\u00e9sel a 27 pesos por litro a partir de la pr\u00f3xima semana. Se\u00f1al\u00f3 que esta medida busca proteger la econom\u00eda de las familias ante el aumento internacional de los combustibles. La mandataria explic\u00f3 que, sin esta negociaci\u00f3n, el costo del [&hellip;]<\/p>\n","protected":false},"author":1,"featured_media":13557,"comment_status":"open","ping_status":"open","sticky":false,"template":"","format":"standard","meta":{"footnotes":""},"categories":[1144],"tags":[],"class_list":["post-13567","post","type-post","status-publish","format-standard","has-post-thumbnail","hentry","category-politica-nacional"],"yoast_head":"<!-- This site is optimized with the Yoast SEO plugin v27.4 - https:\/\/yoast.com\/product\/yoast-seo-wordpress\/ -->\n<title>Sheinbaum celebra cuerdo por di\u00e9sel Precio bajar\u00e1 a 27 pesos por litro | despertador mx<\/title>\n<meta name=\"robots\" content=\"index, follow, max-snippet:-1, max-image-preview:large, max-video-preview:-1\" \/>\n<link rel=\"canonical\" href=\"https:\/\/despertadormx.mx\/index.php\/2026\/04\/29\/sheinbaum-celebra-cuerdo-por-diesel-precio-bajara-a-27-pesos-por-litro\/\" \/>\n<meta property=\"og:locale\" content=\"es_MX\" \/>\n<meta property=\"og:type\" content=\"article\" \/>\n<meta property=\"og:title\" content=\"Sheinbaum celebra cuerdo por di\u00e9sel Precio bajar\u00e1 a 27 pesos por litro | despertador mx\" \/>\n<meta property=\"og:description\" content=\"La presidenta Claudia Sheinbaum destac\u00f3 el acuerdo alcanzado con gasolineros para reducir el precio del di\u00e9sel a 27 pesos por litro a partir de la pr\u00f3xima semana. Se\u00f1al\u00f3 que esta medida busca proteger la econom\u00eda de las familias ante el aumento internacional de los combustibles. La mandataria explic\u00f3 que, sin esta negociaci\u00f3n, el costo del [&hellip;]\" \/>\n<meta property=\"og:url\" content=\"https:\/\/despertadormx.mx\/index.php\/2026\/04\/29\/sheinbaum-celebra-cuerdo-por-diesel-precio-bajara-a-27-pesos-por-litro\/\" \/>\n<meta property=\"og:site_name\" content=\"despertador mx\" \/>\n<meta property=\"article:publisher\" content=\"https:\/\/www.facebook.com\/despertadom\" \/>\n<meta property=\"article:published_time\" content=\"2026-04-29T21:52:35+00:00\" \/>\n<meta property=\"article:modified_time\" content=\"2026-04-29T21:52:36+00:00\" \/>\n<meta property=\"og:image\" content=\"https:\/\/despertadormx.mx\/wp-content\/uploads\/2026\/04\/3-2-3.png\" \/>\n\t<meta property=\"og:image:width\" content=\"1200\" \/>\n\t<meta property=\"og:image:height\" content=\"722\" \/>\n\t<meta property=\"og:image:type\" content=\"image\/png\" \/>\n<meta name=\"author\" content=\"despertadormx.com\" \/>\n<meta name=\"twitter:card\" content=\"summary_large_image\" \/>\n<meta name=\"twitter:label1\" content=\"Escrito por\" \/>\n\t<meta name=\"twitter:data1\" content=\"despertadormx.com\" \/>\n\t<meta name=\"twitter:label2\" content=\"Tiempo de lectura\" \/>\n\t<meta name=\"twitter:data2\" content=\"1 minuto\" \/>\n<script type=\"application\/ld+json\" class=\"yoast-schema-graph\">{\"@context\":\"https:\\\/\\\/schema.org\",\"@graph\":[{\"@type\":\"Article\",\"@id\":\"https:\\\/\\\/despertadormx.mx\\\/index.php\\\/2026\\\/04\\\/29\\\/sheinbaum-celebra-cuerdo-por-diesel-precio-bajara-a-27-pesos-por-litro\\\/#article\",\"isPartOf\":{\"@id\":\"https:\\\/\\\/despertadormx.mx\\\/index.php\\\/2026\\\/04\\\/29\\\/sheinbaum-celebra-cuerdo-por-diesel-precio-bajara-a-27-pesos-por-litro\\\/\"},\"author\":{\"name\":\"despertadormx.com\",\"@id\":\"https:\\\/\\\/despertadormx.mx\\\/#\\\/schema\\\/person\\\/130b3808b7cb2ae87c9b8ed44afef513\"},\"headline\":\"Sheinbaum celebra cuerdo por di\u00e9sel Precio bajar\u00e1 a 27 pesos por litro\",\"datePublished\":\"2026-04-29T21:52:35+00:00\",\"dateModified\":\"2026-04-29T21:52:36+00:00\",\"mainEntityOfPage\":{\"@id\":\"https:\\\/\\\/despertadormx.mx\\\/index.php\\\/2026\\\/04\\\/29\\\/sheinbaum-celebra-cuerdo-por-diesel-precio-bajara-a-27-pesos-por-litro\\\/\"},\"wordCount\":158,\"commentCount\":0,\"publisher\":{\"@id\":\"https:\\\/\\\/despertadormx.mx\\\/#organization\"},\"image\":{\"@id\":\"https:\\\/\\\/despertadormx.mx\\\/index.php\\\/2026\\\/04\\\/29\\\/sheinbaum-celebra-cuerdo-por-diesel-precio-bajara-a-27-pesos-por-litro\\\/#primaryimage\"},\"thumbnailUrl\":\"https:\\\/\\\/despertadormx.mx\\\/wp-content\\\/uploads\\\/2026\\\/04\\\/3-2-3.png\",\"articleSection\":[\"Pol\u00edtica Nacional\"],\"inLanguage\":\"es\",\"potentialAction\":[{\"@type\":\"CommentAction\",\"name\":\"Comment\",\"target\":[\"https:\\\/\\\/despertadormx.mx\\\/index.php\\\/2026\\\/04\\\/29\\\/sheinbaum-celebra-cuerdo-por-diesel-precio-bajara-a-27-pesos-por-litro\\\/#respond\"]}]},{\"@type\":\"WebPage\",\"@id\":\"https:\\\/\\\/despertadormx.mx\\\/index.php\\\/2026\\\/04\\\/29\\\/sheinbaum-celebra-cuerdo-por-diesel-precio-bajara-a-27-pesos-por-litro\\\/\",\"url\":\"https:\\\/\\\/despertadormx.mx\\\/index.php\\\/2026\\\/04\\\/29\\\/sheinbaum-celebra-cuerdo-por-diesel-precio-bajara-a-27-pesos-por-litro\\\/\",\"name\":\"Sheinbaum celebra cuerdo por di\u00e9sel Precio bajar\u00e1 a 27 pesos por litro | despertador mx\",\"isPartOf\":{\"@id\":\"https:\\\/\\\/despertadormx.mx\\\/#website\"},\"primaryImageOfPage\":{\"@id\":\"https:\\\/\\\/despertadormx.mx\\\/index.php\\\/2026\\\/04\\\/29\\\/sheinbaum-celebra-cuerdo-por-diesel-precio-bajara-a-27-pesos-por-litro\\\/#primaryimage\"},\"image\":{\"@id\":\"https:\\\/\\\/despertadormx.mx\\\/index.php\\\/2026\\\/04\\\/29\\\/sheinbaum-celebra-cuerdo-por-diesel-precio-bajara-a-27-pesos-por-litro\\\/#primaryimage\"},\"thumbnailUrl\":\"https:\\\/\\\/despertadormx.mx\\\/wp-content\\\/uploads\\\/2026\\\/04\\\/3-2-3.png\",\"datePublished\":\"2026-04-29T21:52:35+00:00\",\"dateModified\":\"2026-04-29T21:52:36+00:00\",\"breadcrumb\":{\"@id\":\"https:\\\/\\\/despertadormx.mx\\\/index.php\\\/2026\\\/04\\\/29\\\/sheinbaum-celebra-cuerdo-por-diesel-precio-bajara-a-27-pesos-por-litro\\\/#breadcrumb\"},\"inLanguage\":\"es\",\"potentialAction\":[{\"@type\":\"ReadAction\",\"target\":[\"https:\\\/\\\/despertadormx.mx\\\/index.php\\\/2026\\\/04\\\/29\\\/sheinbaum-celebra-cuerdo-por-diesel-precio-bajara-a-27-pesos-por-litro\\\/\"]}]},{\"@type\":\"ImageObject\",\"inLanguage\":\"es\",\"@id\":\"https:\\\/\\\/despertadormx.mx\\\/index.php\\\/2026\\\/04\\\/29\\\/sheinbaum-celebra-cuerdo-por-diesel-precio-bajara-a-27-pesos-por-litro\\\/#primaryimage\",\"url\":\"https:\\\/\\\/despertadormx.mx\\\/wp-content\\\/uploads\\\/2026\\\/04\\\/3-2-3.png\",\"contentUrl\":\"https:\\\/\\\/despertadormx.mx\\\/wp-content\\\/uploads\\\/2026\\\/04\\\/3-2-3.png\",\"width\":1200,\"height\":722},{\"@type\":\"BreadcrumbList\",\"@id\":\"https:\\\/\\\/despertadormx.mx\\\/index.php\\\/2026\\\/04\\\/29\\\/sheinbaum-celebra-cuerdo-por-diesel-precio-bajara-a-27-pesos-por-litro\\\/#breadcrumb\",\"itemListElement\":[{\"@type\":\"ListItem\",\"position\":1,\"name\":\"Inicio\",\"item\":\"https:\\\/\\\/olive-porpoise-471889.hostingersite.com\\\/\"},{\"@type\":\"ListItem\",\"position\":2,\"name\":\"Sheinbaum celebra cuerdo por di\u00e9sel Precio bajar\u00e1 a 27 pesos por litro\"}]},{\"@type\":\"WebSite\",\"@id\":\"https:\\\/\\\/despertadormx.mx\\\/#website\",\"url\":\"https:\\\/\\\/despertadormx.mx\\\/\",\"name\":\"despertador mx\",\"description\":\"\",\"publisher\":{\"@id\":\"https:\\\/\\\/despertadormx.mx\\\/#organization\"},\"potentialAction\":[{\"@type\":\"SearchAction\",\"target\":{\"@type\":\"EntryPoint\",\"urlTemplate\":\"https:\\\/\\\/despertadormx.mx\\\/?s={search_term_string}\"},\"query-input\":{\"@type\":\"PropertyValueSpecification\",\"valueRequired\":true,\"valueName\":\"search_term_string\"}}],\"inLanguage\":\"es\"},{\"@type\":\"Organization\",\"@id\":\"https:\\\/\\\/despertadormx.mx\\\/#organization\",\"name\":\"despertador mx\",\"url\":\"https:\\\/\\\/despertadormx.mx\\\/\",\"logo\":{\"@type\":\"ImageObject\",\"inLanguage\":\"es\",\"@id\":\"https:\\\/\\\/despertadormx.mx\\\/#\\\/schema\\\/logo\\\/image\\\/\",\"url\":\"https:\\\/\\\/despertadormx.mx\\\/wp-content\\\/uploads\\\/2025\\\/05\\\/LOGO-DESPERTADOR-1-scaled.png\",\"contentUrl\":\"https:\\\/\\\/despertadormx.mx\\\/wp-content\\\/uploads\\\/2025\\\/05\\\/LOGO-DESPERTADOR-1-scaled.png\",\"width\":2560,\"height\":2370,\"caption\":\"despertador mx\"},\"image\":{\"@id\":\"https:\\\/\\\/despertadormx.mx\\\/#\\\/schema\\\/logo\\\/image\\\/\"},\"sameAs\":[\"https:\\\/\\\/www.facebook.com\\\/despertadom\",\"https:\\\/\\\/www.instagram.com\\\/despertador.m.x?igsh=MTcwYzRjYjdqMm11cA&utm_source=qr\",\"https:\\\/\\\/www.youtube.com\\\/@despertador.m.x\"]},{\"@type\":\"Person\",\"@id\":\"https:\\\/\\\/despertadormx.mx\\\/#\\\/schema\\\/person\\\/130b3808b7cb2ae87c9b8ed44afef513\",\"name\":\"despertadormx.com\",\"image\":{\"@type\":\"ImageObject\",\"inLanguage\":\"es\",\"@id\":\"https:\\\/\\\/secure.gravatar.com\\\/avatar\\\/f8f56db645af77135d63bea778a5507315c09e61c16020554b24c7c6a10f1221?s=96&d=mm&r=g\",\"url\":\"https:\\\/\\\/secure.gravatar.com\\\/avatar\\\/f8f56db645af77135d63bea778a5507315c09e61c16020554b24c7c6a10f1221?s=96&d=mm&r=g\",\"contentUrl\":\"https:\\\/\\\/secure.gravatar.com\\\/avatar\\\/f8f56db645af77135d63bea778a5507315c09e61c16020554b24c7c6a10f1221?s=96&d=mm&r=g\",\"caption\":\"despertadormx.com\"},\"sameAs\":[\"https:\\\/\\\/despertadormx.mx\"],\"url\":\"https:\\\/\\\/despertadormx.mx\\\/index.php\\\/author\\\/despertadormx-com\\\/\"}]}<\/script>\n<!-- \/ Yoast SEO plugin. -->","yoast_head_json":{"title":"Sheinbaum celebra cuerdo por di\u00e9sel Precio bajar\u00e1 a 27 pesos por litro | despertador mx","robots":{"index":"index","follow":"follow","max-snippet":"max-snippet:-1","max-image-preview":"max-image-preview:large","max-video-preview":"max-video-preview:-1"},"canonical":"https:\/\/despertadormx.mx\/index.php\/2026\/04\/29\/sheinbaum-celebra-cuerdo-por-diesel-precio-bajara-a-27-pesos-por-litro\/","og_locale":"es_MX","og_type":"article","og_title":"Sheinbaum celebra cuerdo por di\u00e9sel Precio bajar\u00e1 a 27 pesos por litro | despertador mx","og_description":"La presidenta Claudia Sheinbaum destac\u00f3 el acuerdo alcanzado con gasolineros para reducir el precio del di\u00e9sel a 27 pesos por litro a partir de la pr\u00f3xima semana. Se\u00f1al\u00f3 que esta medida busca proteger la econom\u00eda de las familias ante el aumento internacional de los combustibles. La mandataria explic\u00f3 que, sin esta negociaci\u00f3n, el costo del [&hellip;]","og_url":"https:\/\/despertadormx.mx\/index.php\/2026\/04\/29\/sheinbaum-celebra-cuerdo-por-diesel-precio-bajara-a-27-pesos-por-litro\/","og_site_name":"despertador mx","article_publisher":"https:\/\/www.facebook.com\/despertadom","article_published_time":"2026-04-29T21:52:35+00:00","article_modified_time":"2026-04-29T21:52:36+00:00","og_image":[{"width":1200,"height":722,"url":"https:\/\/despertadormx.mx\/wp-content\/uploads\/2026\/04\/3-2-3.png","type":"image\/png"}],"author":"despertadormx.com","twitter_card":"summary_large_image","twitter_misc":{"Escrito por":"despertadormx.com","Tiempo de lectura":"1 minuto"},"schema":{"@context":"https:\/\/schema.org","@graph":[{"@type":"Article","@id":"https:\/\/despertadormx.mx\/index.php\/2026\/04\/29\/sheinbaum-celebra-cuerdo-por-diesel-precio-bajara-a-27-pesos-por-litro\/#article","isPartOf":{"@id":"https:\/\/despertadormx.mx\/index.php\/2026\/04\/29\/sheinbaum-celebra-cuerdo-por-diesel-precio-bajara-a-27-pesos-por-litro\/"},"author":{"name":"despertadormx.com","@id":"https:\/\/despertadormx.mx\/#\/schema\/person\/130b3808b7cb2ae87c9b8ed44afef513"},"headline":"Sheinbaum celebra cuerdo por di\u00e9sel Precio bajar\u00e1 a 27 pesos por litro","datePublished":"2026-04-29T21:52:35+00:00","dateModified":"2026-04-29T21:52:36+00:00","mainEntityOfPage":{"@id":"https:\/\/despertadormx.mx\/index.php\/2026\/04\/29\/sheinbaum-celebra-cuerdo-por-diesel-precio-bajara-a-27-pesos-por-litro\/"},"wordCount":158,"commentCount":0,"publisher":{"@id":"https:\/\/despertadormx.mx\/#organization"},"image":{"@id":"https:\/\/despertadormx.mx\/index.php\/2026\/04\/29\/sheinbaum-celebra-cuerdo-por-diesel-precio-bajara-a-27-pesos-por-litro\/#primaryimage"},"thumbnailUrl":"https:\/\/despertadormx.mx\/wp-content\/uploads\/2026\/04\/3-2-3.png","articleSection":["Pol\u00edtica Nacional"],"inLanguage":"es","potentialAction":[{"@type":"CommentAction","name":"Comment","target":["https:\/\/despertadormx.mx\/index.php\/2026\/04\/29\/sheinbaum-celebra-cuerdo-por-diesel-precio-bajara-a-27-pesos-por-litro\/#respond"]}]},{"@type":"WebPage","@id":"https:\/\/despertadormx.mx\/index.php\/2026\/04\/29\/sheinbaum-celebra-cuerdo-por-diesel-precio-bajara-a-27-pesos-por-litro\/","url":"https:\/\/despertadormx.mx\/index.php\/2026\/04\/29\/sheinbaum-celebra-cuerdo-por-diesel-precio-bajara-a-27-pesos-por-litro\/","name":"Sheinbaum celebra cuerdo por di\u00e9sel Precio bajar\u00e1 a 27 pesos por litro | despertador mx","isPartOf":{"@id":"https:\/\/despertadormx.mx\/#website"},"primaryImageOfPage":{"@id":"https:\/\/despertadormx.mx\/index.php\/2026\/04\/29\/sheinbaum-celebra-cuerdo-por-diesel-precio-bajara-a-27-pesos-por-litro\/#primaryimage"},"image":{"@id":"https:\/\/despertadormx.mx\/index.php\/2026\/04\/29\/sheinbaum-celebra-cuerdo-por-diesel-precio-bajara-a-27-pesos-por-litro\/#primaryimage"},"thumbnailUrl":"https:\/\/despertadormx.mx\/wp-content\/uploads\/2026\/04\/3-2-3.png","datePublished":"2026-04-29T21:52:35+00:00","dateModified":"2026-04-29T21:52:36+00:00","breadcrumb":{"@id":"https:\/\/despertadormx.mx\/index.php\/2026\/04\/29\/sheinbaum-celebra-cuerdo-por-diesel-precio-bajara-a-27-pesos-por-litro\/#breadcrumb"},"inLanguage":"es","potentialAction":[{"@type":"ReadAction","target":["https:\/\/despertadormx.mx\/index.php\/2026\/04\/29\/sheinbaum-celebra-cuerdo-por-diesel-precio-bajara-a-27-pesos-por-litro\/"]}]},{"@type":"ImageObject","inLanguage":"es","@id":"https:\/\/despertadormx.mx\/index.php\/2026\/04\/29\/sheinbaum-celebra-cuerdo-por-diesel-precio-bajara-a-27-pesos-por-litro\/#primaryimage","url":"https:\/\/despertadormx.mx\/wp-content\/uploads\/2026\/04\/3-2-3.png","contentUrl":"https:\/\/despertadormx.mx\/wp-content\/uploads\/2026\/04\/3-2-3.png","width":1200,"height":722},{"@type":"BreadcrumbList","@id":"https:\/\/despertadormx.mx\/index.php\/2026\/04\/29\/sheinbaum-celebra-cuerdo-por-diesel-precio-bajara-a-27-pesos-por-litro\/#breadcrumb","itemListElement":[{"@type":"ListItem","position":1,"name":"Inicio","item":"https:\/\/olive-porpoise-471889.hostingersite.com\/"},{"@type":"ListItem","position":2,"name":"Sheinbaum celebra cuerdo por di\u00e9sel Precio bajar\u00e1 a 27 pesos por litro"}]},{"@type":"WebSite","@id":"https:\/\/despertadormx.mx\/#website","url":"https:\/\/despertadormx.mx\/","name":"despertador mx","description":"","publisher":{"@id":"https:\/\/despertadormx.mx\/#organization"},"potentialAction":[{"@type":"SearchAction","target":{"@type":"EntryPoint","urlTemplate":"https:\/\/despertadormx.mx\/?s={search_term_string}"},"query-input":{"@type":"PropertyValueSpecification","valueRequired":true,"valueName":"search_term_string"}}],"inLanguage":"es"},{"@type":"Organization","@id":"https:\/\/despertadormx.mx\/#organization","name":"despertador mx","url":"https:\/\/despertadormx.mx\/","logo":{"@type":"ImageObject","inLanguage":"es","@id":"https:\/\/despertadormx.mx\/#\/schema\/logo\/image\/","url":"https:\/\/despertadormx.mx\/wp-content\/uploads\/2025\/05\/LOGO-DESPERTADOR-1-scaled.png","contentUrl":"https:\/\/despertadormx.mx\/wp-content\/uploads\/2025\/05\/LOGO-DESPERTADOR-1-scaled.png","width":2560,"height":2370,"caption":"despertador mx"},"image":{"@id":"https:\/\/despertadormx.mx\/#\/schema\/logo\/image\/"},"sameAs":["https:\/\/www.facebook.com\/despertadom","https:\/\/www.instagram.com\/despertador.m.x?igsh=MTcwYzRjYjdqMm11cA&utm_source=qr","https:\/\/www.youtube.com\/@despertador.m.x"]},{"@type":"Person","@id":"https:\/\/despertadormx.mx\/#\/schema\/person\/130b3808b7cb2ae87c9b8ed44afef513","name":"despertadormx.com","image":{"@type":"ImageObject","inLanguage":"es","@id":"https:\/\/secure.gravatar.com\/avatar\/f8f56db645af77135d63bea778a5507315c09e61c16020554b24c7c6a10f1221?s=96&d=mm&r=g","url":"https:\/\/secure.gravatar.com\/avatar\/f8f56db645af77135d63bea778a5507315c09e61c16020554b24c7c6a10f1221?s=96&d=mm&r=g","contentUrl":"https:\/\/secure.gravatar.com\/avatar\/f8f56db645af77135d63bea778a5507315c09e61c16020554b24c7c6a10f1221?s=96&d=mm&r=g","caption":"despertadormx.com"},"sameAs":["https:\/\/despertadormx.mx"],"url":"https:\/\/despertadormx.mx\/index.php\/author\/despertadormx-com\/"}]}},"rttpg_featured_image_url":{"full":["https:\/\/despertadormx.mx\/wp-content\/uploads\/2026\/04\/3-2-3.png",1200,722,false],"landscape":["https:\/\/despertadormx.mx\/wp-content\/uploads\/2026\/04\/3-2-3.png",1200,722,false],"portraits":["https:\/\/despertadormx.mx\/wp-content\/uploads\/2026\/04\/3-2-3.png",1200,722,false],"thumbnail":["https:\/\/despertadormx.mx\/wp-content\/uploads\/2026\/04\/3-2-3-150x150.png",150,150,true],"medium":["https:\/\/despertadormx.mx\/wp-content\/uploads\/2026\/04\/3-2-3-300x181.png",300,181,true],"large":["https:\/\/despertadormx.mx\/wp-content\/uploads\/2026\/04\/3-2-3-1024x616.png",640,385,true],"1536x1536":["https:\/\/despertadormx.mx\/wp-content\/uploads\/2026\/04\/3-2-3.png",1200,722,false],"2048x2048":["https:\/\/despertadormx.mx\/wp-content\/uploads\/2026\/04\/3-2-3.png",1200,722,false],"newsup-slider-full":["https:\/\/despertadormx.mx\/wp-content\/uploads\/2026\/04\/3-2-3-1200x720.png",1200,720,true],"newsup-featured":["https:\/\/despertadormx.mx\/wp-content\/uploads\/2026\/04\/3-2-3-1024x616.png",1024,616,true],"newsup-medium":["https:\/\/despertadormx.mx\/wp-content\/uploads\/2026\/04\/3-2-3-720x380.png",720,380,true]},"rttpg_author":{"display_name":"despertadormx.com","author_link":"https:\/\/despertadormx.mx\/index.php\/author\/despertadormx-com\/"},"rttpg_comment":0,"rttpg_category":"<a href=\"https:\/\/despertadormx.mx\/index.php\/category\/politica-nacional\/\" rel=\"category tag\">Pol\u00edtica Nacional<\/a>","rttpg_excerpt":"La presidenta Claudia Sheinbaum destac\u00f3 el acuerdo alcanzado con gasolineros para reducir el precio del di\u00e9sel a 27 pesos por litro a partir de la pr\u00f3xima semana. Se\u00f1al\u00f3 que esta medida busca proteger la econom\u00eda de las familias ante el aumento internacional de los combustibles. La mandataria explic\u00f3 que, sin esta negociaci\u00f3n, el costo del&hellip;","_links":{"self":[{"href":"https:\/\/despertadormx.mx\/index.php\/wp-json\/wp\/v2\/posts\/13567","targetHints":{"allow":["GET"]}}],"collection":[{"href":"https:\/\/despertadormx.mx\/index.php\/wp-json\/wp\/v2\/posts"}],"about":[{"href":"https:\/\/despertadormx.mx\/index.php\/wp-json\/wp\/v2\/types\/post"}],"author":[{"embeddable":true,"href":"https:\/\/despertadormx.mx\/index.php\/wp-json\/wp\/v2\/users\/1"}],"replies":[{"embeddable":true,"href":"https:\/\/despertadormx.mx\/index.php\/wp-json\/wp\/v2\/comments?post=13567"}],"version-history":[{"count":1,"href":"https:\/\/despertadormx.mx\/index.php\/wp-json\/wp\/v2\/posts\/13567\/revisions"}],"predecessor-version":[{"id":13568,"href":"https:\/\/despertadormx.mx\/index.php\/wp-json\/wp\/v2\/posts\/13567\/revisions\/13568"}],"wp:featuredmedia":[{"embeddable":true,"href":"https:\/\/despertadormx.mx\/index.php\/wp-json\/wp\/v2\/media\/13557"}],"wp:attachment":[{"href":"https:\/\/despertadormx.mx\/index.php\/wp-json\/wp\/v2\/media?parent=13567"}],"wp:term":[{"taxonomy":"category","embeddable":true,"href":"https:\/\/despertadormx.mx\/index.php\/wp-json\/wp\/v2\/categories?post=13567"},{"taxonomy":"post_tag","embeddable":true,"href":"https:\/\/despertadormx.mx\/index.php\/wp-json\/wp\/v2\/tags?post=13567"}],"curies":[{"name":"wp","href":"https:\/\/api.w.org\/{rel}","templated":true}]}}