{"id":13554,"date":"2026-04-29T15:51:37","date_gmt":"2026-04-29T21:51:37","guid":{"rendered":"https:\/\/despertadormx.mx\/?p=13554"},"modified":"2026-04-29T15:51:44","modified_gmt":"2026-04-29T21:51:44","slug":"montiel-deja-bienestar-por-morena-confirman-relevo-y-cambio-en-gabinete","status":"publish","type":"post","link":"https:\/\/despertadormx.mx\/index.php\/2026\/04\/29\/montiel-deja-bienestar-por-morena-confirman-relevo-y-cambio-en-gabinete\/","title":{"rendered":"Montiel deja Bienestar por Morena Confirman relevo y cambio en gabinete"},"content":{"rendered":"\n<p>La presidenta Claudia Sheinbaum confirm\u00f3 la salida de Ariadna Montiel de la Secretar\u00eda de Bienestar, quien buscar\u00e1 asumir nuevas responsabilidades dentro de Morena. El anuncio se realiz\u00f3 mediante un mensaje oficial, en el que se destac\u00f3 su labor al frente de los programas sociales del pa\u00eds.<\/p>\n\n\n\n<p>En su lugar, Leticia Ram\u00edrez fue designada como nueva titular de la dependencia, encargada de uno de los presupuestos m\u00e1s relevantes del gobierno. La mandataria resalt\u00f3 su trayectoria en la administraci\u00f3n p\u00fablica y su cercan\u00eda con el proyecto de la Cuarta Transformaci\u00f3n.<\/p>\n\n\n\n<p>Montiel agradeci\u00f3 la confianza recibida y afirm\u00f3 que concluye su gesti\u00f3n con satisfacci\u00f3n. Su salida se da en medio de versiones que la perfilan para encabezar la dirigencia nacional de Morena, en un contexto de reconfiguraci\u00f3n interna rumbo a futuros procesos electorales.<\/p>\n","protected":false},"excerpt":{"rendered":"<p>La presidenta Claudia Sheinbaum confirm\u00f3 la salida de Ariadna Montiel de la Secretar\u00eda de Bienestar, quien buscar\u00e1 asumir nuevas responsabilidades dentro de Morena. El anuncio se realiz\u00f3 mediante un mensaje oficial, en el que se destac\u00f3 su labor al frente de los programas sociales del pa\u00eds. En su lugar, Leticia Ram\u00edrez fue designada como nueva [&hellip;]<\/p>\n","protected":false},"author":1,"featured_media":13555,"comment_status":"open","ping_status":"open","sticky":false,"template":"","format":"standard","meta":{"footnotes":""},"categories":[1144],"tags":[],"class_list":["post-13554","post","type-post","status-publish","format-standard","has-post-thumbnail","hentry","category-politica-nacional"],"yoast_head":"<!-- This site is optimized with the Yoast SEO plugin v27.4 - https:\/\/yoast.com\/product\/yoast-seo-wordpress\/ -->\n<title>Montiel deja Bienestar por Morena Confirman relevo y cambio en gabinete | despertador mx<\/title>\n<meta name=\"robots\" content=\"index, follow, max-snippet:-1, max-image-preview:large, max-video-preview:-1\" \/>\n<link rel=\"canonical\" href=\"https:\/\/despertadormx.mx\/index.php\/2026\/04\/29\/montiel-deja-bienestar-por-morena-confirman-relevo-y-cambio-en-gabinete\/\" \/>\n<meta property=\"og:locale\" content=\"es_MX\" \/>\n<meta property=\"og:type\" content=\"article\" \/>\n<meta property=\"og:title\" content=\"Montiel deja Bienestar por Morena Confirman relevo y cambio en gabinete | despertador mx\" \/>\n<meta property=\"og:description\" content=\"La presidenta Claudia Sheinbaum confirm\u00f3 la salida de Ariadna Montiel de la Secretar\u00eda de Bienestar, quien buscar\u00e1 asumir nuevas responsabilidades dentro de Morena. El anuncio se realiz\u00f3 mediante un mensaje oficial, en el que se destac\u00f3 su labor al frente de los programas sociales del pa\u00eds. En su lugar, Leticia Ram\u00edrez fue designada como nueva [&hellip;]\" \/>\n<meta property=\"og:url\" content=\"https:\/\/despertadormx.mx\/index.php\/2026\/04\/29\/montiel-deja-bienestar-por-morena-confirman-relevo-y-cambio-en-gabinete\/\" \/>\n<meta property=\"og:site_name\" content=\"despertador mx\" \/>\n<meta property=\"article:publisher\" content=\"https:\/\/www.facebook.com\/despertadom\" \/>\n<meta property=\"article:published_time\" content=\"2026-04-29T21:51:37+00:00\" \/>\n<meta property=\"article:modified_time\" content=\"2026-04-29T21:51:44+00:00\" \/>\n<meta property=\"og:image\" content=\"https:\/\/despertadormx.mx\/wp-content\/uploads\/2026\/04\/1-2-3.png\" \/>\n\t<meta property=\"og:image:width\" content=\"1200\" \/>\n\t<meta property=\"og:image:height\" content=\"722\" \/>\n\t<meta property=\"og:image:type\" content=\"image\/png\" \/>\n<meta name=\"author\" content=\"despertadormx.com\" \/>\n<meta name=\"twitter:card\" content=\"summary_large_image\" \/>\n<meta name=\"twitter:label1\" content=\"Escrito por\" \/>\n\t<meta name=\"twitter:data1\" content=\"despertadormx.com\" \/>\n\t<meta name=\"twitter:label2\" content=\"Tiempo de lectura\" \/>\n\t<meta name=\"twitter:data2\" content=\"1 minuto\" \/>\n<script type=\"application\/ld+json\" class=\"yoast-schema-graph\">{\"@context\":\"https:\\\/\\\/schema.org\",\"@graph\":[{\"@type\":\"Article\",\"@id\":\"https:\\\/\\\/despertadormx.mx\\\/index.php\\\/2026\\\/04\\\/29\\\/montiel-deja-bienestar-por-morena-confirman-relevo-y-cambio-en-gabinete\\\/#article\",\"isPartOf\":{\"@id\":\"https:\\\/\\\/despertadormx.mx\\\/index.php\\\/2026\\\/04\\\/29\\\/montiel-deja-bienestar-por-morena-confirman-relevo-y-cambio-en-gabinete\\\/\"},\"author\":{\"name\":\"despertadormx.com\",\"@id\":\"https:\\\/\\\/despertadormx.mx\\\/#\\\/schema\\\/person\\\/130b3808b7cb2ae87c9b8ed44afef513\"},\"headline\":\"Montiel deja Bienestar por Morena Confirman relevo y cambio en gabinete\",\"datePublished\":\"2026-04-29T21:51:37+00:00\",\"dateModified\":\"2026-04-29T21:51:44+00:00\",\"mainEntityOfPage\":{\"@id\":\"https:\\\/\\\/despertadormx.mx\\\/index.php\\\/2026\\\/04\\\/29\\\/montiel-deja-bienestar-por-morena-confirman-relevo-y-cambio-en-gabinete\\\/\"},\"wordCount\":152,\"commentCount\":0,\"publisher\":{\"@id\":\"https:\\\/\\\/despertadormx.mx\\\/#organization\"},\"image\":{\"@id\":\"https:\\\/\\\/despertadormx.mx\\\/index.php\\\/2026\\\/04\\\/29\\\/montiel-deja-bienestar-por-morena-confirman-relevo-y-cambio-en-gabinete\\\/#primaryimage\"},\"thumbnailUrl\":\"https:\\\/\\\/despertadormx.mx\\\/wp-content\\\/uploads\\\/2026\\\/04\\\/1-2-3.png\",\"articleSection\":[\"Pol\u00edtica Nacional\"],\"inLanguage\":\"es\",\"potentialAction\":[{\"@type\":\"CommentAction\",\"name\":\"Comment\",\"target\":[\"https:\\\/\\\/despertadormx.mx\\\/index.php\\\/2026\\\/04\\\/29\\\/montiel-deja-bienestar-por-morena-confirman-relevo-y-cambio-en-gabinete\\\/#respond\"]}]},{\"@type\":\"WebPage\",\"@id\":\"https:\\\/\\\/despertadormx.mx\\\/index.php\\\/2026\\\/04\\\/29\\\/montiel-deja-bienestar-por-morena-confirman-relevo-y-cambio-en-gabinete\\\/\",\"url\":\"https:\\\/\\\/despertadormx.mx\\\/index.php\\\/2026\\\/04\\\/29\\\/montiel-deja-bienestar-por-morena-confirman-relevo-y-cambio-en-gabinete\\\/\",\"name\":\"Montiel deja Bienestar por Morena Confirman relevo y cambio en gabinete | despertador mx\",\"isPartOf\":{\"@id\":\"https:\\\/\\\/despertadormx.mx\\\/#website\"},\"primaryImageOfPage\":{\"@id\":\"https:\\\/\\\/despertadormx.mx\\\/index.php\\\/2026\\\/04\\\/29\\\/montiel-deja-bienestar-por-morena-confirman-relevo-y-cambio-en-gabinete\\\/#primaryimage\"},\"image\":{\"@id\":\"https:\\\/\\\/despertadormx.mx\\\/index.php\\\/2026\\\/04\\\/29\\\/montiel-deja-bienestar-por-morena-confirman-relevo-y-cambio-en-gabinete\\\/#primaryimage\"},\"thumbnailUrl\":\"https:\\\/\\\/despertadormx.mx\\\/wp-content\\\/uploads\\\/2026\\\/04\\\/1-2-3.png\",\"datePublished\":\"2026-04-29T21:51:37+00:00\",\"dateModified\":\"2026-04-29T21:51:44+00:00\",\"breadcrumb\":{\"@id\":\"https:\\\/\\\/despertadormx.mx\\\/index.php\\\/2026\\\/04\\\/29\\\/montiel-deja-bienestar-por-morena-confirman-relevo-y-cambio-en-gabinete\\\/#breadcrumb\"},\"inLanguage\":\"es\",\"potentialAction\":[{\"@type\":\"ReadAction\",\"target\":[\"https:\\\/\\\/despertadormx.mx\\\/index.php\\\/2026\\\/04\\\/29\\\/montiel-deja-bienestar-por-morena-confirman-relevo-y-cambio-en-gabinete\\\/\"]}]},{\"@type\":\"ImageObject\",\"inLanguage\":\"es\",\"@id\":\"https:\\\/\\\/despertadormx.mx\\\/index.php\\\/2026\\\/04\\\/29\\\/montiel-deja-bienestar-por-morena-confirman-relevo-y-cambio-en-gabinete\\\/#primaryimage\",\"url\":\"https:\\\/\\\/despertadormx.mx\\\/wp-content\\\/uploads\\\/2026\\\/04\\\/1-2-3.png\",\"contentUrl\":\"https:\\\/\\\/despertadormx.mx\\\/wp-content\\\/uploads\\\/2026\\\/04\\\/1-2-3.png\",\"width\":1200,\"height\":722},{\"@type\":\"BreadcrumbList\",\"@id\":\"https:\\\/\\\/despertadormx.mx\\\/index.php\\\/2026\\\/04\\\/29\\\/montiel-deja-bienestar-por-morena-confirman-relevo-y-cambio-en-gabinete\\\/#breadcrumb\",\"itemListElement\":[{\"@type\":\"ListItem\",\"position\":1,\"name\":\"Inicio\",\"item\":\"https:\\\/\\\/olive-porpoise-471889.hostingersite.com\\\/\"},{\"@type\":\"ListItem\",\"position\":2,\"name\":\"Montiel deja Bienestar por Morena Confirman relevo y cambio en gabinete\"}]},{\"@type\":\"WebSite\",\"@id\":\"https:\\\/\\\/despertadormx.mx\\\/#website\",\"url\":\"https:\\\/\\\/despertadormx.mx\\\/\",\"name\":\"despertador mx\",\"description\":\"\",\"publisher\":{\"@id\":\"https:\\\/\\\/despertadormx.mx\\\/#organization\"},\"potentialAction\":[{\"@type\":\"SearchAction\",\"target\":{\"@type\":\"EntryPoint\",\"urlTemplate\":\"https:\\\/\\\/despertadormx.mx\\\/?s={search_term_string}\"},\"query-input\":{\"@type\":\"PropertyValueSpecification\",\"valueRequired\":true,\"valueName\":\"search_term_string\"}}],\"inLanguage\":\"es\"},{\"@type\":\"Organization\",\"@id\":\"https:\\\/\\\/despertadormx.mx\\\/#organization\",\"name\":\"despertador mx\",\"url\":\"https:\\\/\\\/despertadormx.mx\\\/\",\"logo\":{\"@type\":\"ImageObject\",\"inLanguage\":\"es\",\"@id\":\"https:\\\/\\\/despertadormx.mx\\\/#\\\/schema\\\/logo\\\/image\\\/\",\"url\":\"https:\\\/\\\/despertadormx.mx\\\/wp-content\\\/uploads\\\/2025\\\/05\\\/LOGO-DESPERTADOR-1-scaled.png\",\"contentUrl\":\"https:\\\/\\\/despertadormx.mx\\\/wp-content\\\/uploads\\\/2025\\\/05\\\/LOGO-DESPERTADOR-1-scaled.png\",\"width\":2560,\"height\":2370,\"caption\":\"despertador mx\"},\"image\":{\"@id\":\"https:\\\/\\\/despertadormx.mx\\\/#\\\/schema\\\/logo\\\/image\\\/\"},\"sameAs\":[\"https:\\\/\\\/www.facebook.com\\\/despertadom\",\"https:\\\/\\\/www.instagram.com\\\/despertador.m.x?igsh=MTcwYzRjYjdqMm11cA&utm_source=qr\",\"https:\\\/\\\/www.youtube.com\\\/@despertador.m.x\"]},{\"@type\":\"Person\",\"@id\":\"https:\\\/\\\/despertadormx.mx\\\/#\\\/schema\\\/person\\\/130b3808b7cb2ae87c9b8ed44afef513\",\"name\":\"despertadormx.com\",\"image\":{\"@type\":\"ImageObject\",\"inLanguage\":\"es\",\"@id\":\"https:\\\/\\\/secure.gravatar.com\\\/avatar\\\/f8f56db645af77135d63bea778a5507315c09e61c16020554b24c7c6a10f1221?s=96&d=mm&r=g\",\"url\":\"https:\\\/\\\/secure.gravatar.com\\\/avatar\\\/f8f56db645af77135d63bea778a5507315c09e61c16020554b24c7c6a10f1221?s=96&d=mm&r=g\",\"contentUrl\":\"https:\\\/\\\/secure.gravatar.com\\\/avatar\\\/f8f56db645af77135d63bea778a5507315c09e61c16020554b24c7c6a10f1221?s=96&d=mm&r=g\",\"caption\":\"despertadormx.com\"},\"sameAs\":[\"https:\\\/\\\/despertadormx.mx\"],\"url\":\"https:\\\/\\\/despertadormx.mx\\\/index.php\\\/author\\\/despertadormx-com\\\/\"}]}<\/script>\n<!-- \/ Yoast SEO plugin. -->","yoast_head_json":{"title":"Montiel deja Bienestar por Morena Confirman relevo y cambio en gabinete | despertador mx","robots":{"index":"index","follow":"follow","max-snippet":"max-snippet:-1","max-image-preview":"max-image-preview:large","max-video-preview":"max-video-preview:-1"},"canonical":"https:\/\/despertadormx.mx\/index.php\/2026\/04\/29\/montiel-deja-bienestar-por-morena-confirman-relevo-y-cambio-en-gabinete\/","og_locale":"es_MX","og_type":"article","og_title":"Montiel deja Bienestar por Morena Confirman relevo y cambio en gabinete | despertador mx","og_description":"La presidenta Claudia Sheinbaum confirm\u00f3 la salida de Ariadna Montiel de la Secretar\u00eda de Bienestar, quien buscar\u00e1 asumir nuevas responsabilidades dentro de Morena. El anuncio se realiz\u00f3 mediante un mensaje oficial, en el que se destac\u00f3 su labor al frente de los programas sociales del pa\u00eds. En su lugar, Leticia Ram\u00edrez fue designada como nueva [&hellip;]","og_url":"https:\/\/despertadormx.mx\/index.php\/2026\/04\/29\/montiel-deja-bienestar-por-morena-confirman-relevo-y-cambio-en-gabinete\/","og_site_name":"despertador mx","article_publisher":"https:\/\/www.facebook.com\/despertadom","article_published_time":"2026-04-29T21:51:37+00:00","article_modified_time":"2026-04-29T21:51:44+00:00","og_image":[{"width":1200,"height":722,"url":"https:\/\/despertadormx.mx\/wp-content\/uploads\/2026\/04\/1-2-3.png","type":"image\/png"}],"author":"despertadormx.com","twitter_card":"summary_large_image","twitter_misc":{"Escrito por":"despertadormx.com","Tiempo de lectura":"1 minuto"},"schema":{"@context":"https:\/\/schema.org","@graph":[{"@type":"Article","@id":"https:\/\/despertadormx.mx\/index.php\/2026\/04\/29\/montiel-deja-bienestar-por-morena-confirman-relevo-y-cambio-en-gabinete\/#article","isPartOf":{"@id":"https:\/\/despertadormx.mx\/index.php\/2026\/04\/29\/montiel-deja-bienestar-por-morena-confirman-relevo-y-cambio-en-gabinete\/"},"author":{"name":"despertadormx.com","@id":"https:\/\/despertadormx.mx\/#\/schema\/person\/130b3808b7cb2ae87c9b8ed44afef513"},"headline":"Montiel deja Bienestar por Morena Confirman relevo y cambio en gabinete","datePublished":"2026-04-29T21:51:37+00:00","dateModified":"2026-04-29T21:51:44+00:00","mainEntityOfPage":{"@id":"https:\/\/despertadormx.mx\/index.php\/2026\/04\/29\/montiel-deja-bienestar-por-morena-confirman-relevo-y-cambio-en-gabinete\/"},"wordCount":152,"commentCount":0,"publisher":{"@id":"https:\/\/despertadormx.mx\/#organization"},"image":{"@id":"https:\/\/despertadormx.mx\/index.php\/2026\/04\/29\/montiel-deja-bienestar-por-morena-confirman-relevo-y-cambio-en-gabinete\/#primaryimage"},"thumbnailUrl":"https:\/\/despertadormx.mx\/wp-content\/uploads\/2026\/04\/1-2-3.png","articleSection":["Pol\u00edtica Nacional"],"inLanguage":"es","potentialAction":[{"@type":"CommentAction","name":"Comment","target":["https:\/\/despertadormx.mx\/index.php\/2026\/04\/29\/montiel-deja-bienestar-por-morena-confirman-relevo-y-cambio-en-gabinete\/#respond"]}]},{"@type":"WebPage","@id":"https:\/\/despertadormx.mx\/index.php\/2026\/04\/29\/montiel-deja-bienestar-por-morena-confirman-relevo-y-cambio-en-gabinete\/","url":"https:\/\/despertadormx.mx\/index.php\/2026\/04\/29\/montiel-deja-bienestar-por-morena-confirman-relevo-y-cambio-en-gabinete\/","name":"Montiel deja Bienestar por Morena Confirman relevo y cambio en gabinete | despertador mx","isPartOf":{"@id":"https:\/\/despertadormx.mx\/#website"},"primaryImageOfPage":{"@id":"https:\/\/despertadormx.mx\/index.php\/2026\/04\/29\/montiel-deja-bienestar-por-morena-confirman-relevo-y-cambio-en-gabinete\/#primaryimage"},"image":{"@id":"https:\/\/despertadormx.mx\/index.php\/2026\/04\/29\/montiel-deja-bienestar-por-morena-confirman-relevo-y-cambio-en-gabinete\/#primaryimage"},"thumbnailUrl":"https:\/\/despertadormx.mx\/wp-content\/uploads\/2026\/04\/1-2-3.png","datePublished":"2026-04-29T21:51:37+00:00","dateModified":"2026-04-29T21:51:44+00:00","breadcrumb":{"@id":"https:\/\/despertadormx.mx\/index.php\/2026\/04\/29\/montiel-deja-bienestar-por-morena-confirman-relevo-y-cambio-en-gabinete\/#breadcrumb"},"inLanguage":"es","potentialAction":[{"@type":"ReadAction","target":["https:\/\/despertadormx.mx\/index.php\/2026\/04\/29\/montiel-deja-bienestar-por-morena-confirman-relevo-y-cambio-en-gabinete\/"]}]},{"@type":"ImageObject","inLanguage":"es","@id":"https:\/\/despertadormx.mx\/index.php\/2026\/04\/29\/montiel-deja-bienestar-por-morena-confirman-relevo-y-cambio-en-gabinete\/#primaryimage","url":"https:\/\/despertadormx.mx\/wp-content\/uploads\/2026\/04\/1-2-3.png","contentUrl":"https:\/\/despertadormx.mx\/wp-content\/uploads\/2026\/04\/1-2-3.png","width":1200,"height":722},{"@type":"BreadcrumbList","@id":"https:\/\/despertadormx.mx\/index.php\/2026\/04\/29\/montiel-deja-bienestar-por-morena-confirman-relevo-y-cambio-en-gabinete\/#breadcrumb","itemListElement":[{"@type":"ListItem","position":1,"name":"Inicio","item":"https:\/\/olive-porpoise-471889.hostingersite.com\/"},{"@type":"ListItem","position":2,"name":"Montiel deja Bienestar por Morena Confirman relevo y cambio en gabinete"}]},{"@type":"WebSite","@id":"https:\/\/despertadormx.mx\/#website","url":"https:\/\/despertadormx.mx\/","name":"despertador mx","description":"","publisher":{"@id":"https:\/\/despertadormx.mx\/#organization"},"potentialAction":[{"@type":"SearchAction","target":{"@type":"EntryPoint","urlTemplate":"https:\/\/despertadormx.mx\/?s={search_term_string}"},"query-input":{"@type":"PropertyValueSpecification","valueRequired":true,"valueName":"search_term_string"}}],"inLanguage":"es"},{"@type":"Organization","@id":"https:\/\/despertadormx.mx\/#organization","name":"despertador mx","url":"https:\/\/despertadormx.mx\/","logo":{"@type":"ImageObject","inLanguage":"es","@id":"https:\/\/despertadormx.mx\/#\/schema\/logo\/image\/","url":"https:\/\/despertadormx.mx\/wp-content\/uploads\/2025\/05\/LOGO-DESPERTADOR-1-scaled.png","contentUrl":"https:\/\/despertadormx.mx\/wp-content\/uploads\/2025\/05\/LOGO-DESPERTADOR-1-scaled.png","width":2560,"height":2370,"caption":"despertador mx"},"image":{"@id":"https:\/\/despertadormx.mx\/#\/schema\/logo\/image\/"},"sameAs":["https:\/\/www.facebook.com\/despertadom","https:\/\/www.instagram.com\/despertador.m.x?igsh=MTcwYzRjYjdqMm11cA&utm_source=qr","https:\/\/www.youtube.com\/@despertador.m.x"]},{"@type":"Person","@id":"https:\/\/despertadormx.mx\/#\/schema\/person\/130b3808b7cb2ae87c9b8ed44afef513","name":"despertadormx.com","image":{"@type":"ImageObject","inLanguage":"es","@id":"https:\/\/secure.gravatar.com\/avatar\/f8f56db645af77135d63bea778a5507315c09e61c16020554b24c7c6a10f1221?s=96&d=mm&r=g","url":"https:\/\/secure.gravatar.com\/avatar\/f8f56db645af77135d63bea778a5507315c09e61c16020554b24c7c6a10f1221?s=96&d=mm&r=g","contentUrl":"https:\/\/secure.gravatar.com\/avatar\/f8f56db645af77135d63bea778a5507315c09e61c16020554b24c7c6a10f1221?s=96&d=mm&r=g","caption":"despertadormx.com"},"sameAs":["https:\/\/despertadormx.mx"],"url":"https:\/\/despertadormx.mx\/index.php\/author\/despertadormx-com\/"}]}},"rttpg_featured_image_url":{"full":["https:\/\/despertadormx.mx\/wp-content\/uploads\/2026\/04\/1-2-3.png",1200,722,false],"landscape":["https:\/\/despertadormx.mx\/wp-content\/uploads\/2026\/04\/1-2-3.png",1200,722,false],"portraits":["https:\/\/despertadormx.mx\/wp-content\/uploads\/2026\/04\/1-2-3.png",1200,722,false],"thumbnail":["https:\/\/despertadormx.mx\/wp-content\/uploads\/2026\/04\/1-2-3-150x150.png",150,150,true],"medium":["https:\/\/despertadormx.mx\/wp-content\/uploads\/2026\/04\/1-2-3-300x181.png",300,181,true],"large":["https:\/\/despertadormx.mx\/wp-content\/uploads\/2026\/04\/1-2-3-1024x616.png",640,385,true],"1536x1536":["https:\/\/despertadormx.mx\/wp-content\/uploads\/2026\/04\/1-2-3.png",1200,722,false],"2048x2048":["https:\/\/despertadormx.mx\/wp-content\/uploads\/2026\/04\/1-2-3.png",1200,722,false],"newsup-slider-full":["https:\/\/despertadormx.mx\/wp-content\/uploads\/2026\/04\/1-2-3-1200x720.png",1200,720,true],"newsup-featured":["https:\/\/despertadormx.mx\/wp-content\/uploads\/2026\/04\/1-2-3-1024x616.png",1024,616,true],"newsup-medium":["https:\/\/despertadormx.mx\/wp-content\/uploads\/2026\/04\/1-2-3-720x380.png",720,380,true]},"rttpg_author":{"display_name":"despertadormx.com","author_link":"https:\/\/despertadormx.mx\/index.php\/author\/despertadormx-com\/"},"rttpg_comment":0,"rttpg_category":"<a href=\"https:\/\/despertadormx.mx\/index.php\/category\/politica-nacional\/\" rel=\"category tag\">Pol\u00edtica Nacional<\/a>","rttpg_excerpt":"La presidenta Claudia Sheinbaum confirm\u00f3 la salida de Ariadna Montiel de la Secretar\u00eda de Bienestar, quien buscar\u00e1 asumir nuevas responsabilidades dentro de Morena. El anuncio se realiz\u00f3 mediante un mensaje oficial, en el que se destac\u00f3 su labor al frente de los programas sociales del pa\u00eds. En su lugar, Leticia Ram\u00edrez fue designada como nueva&hellip;","_links":{"self":[{"href":"https:\/\/despertadormx.mx\/index.php\/wp-json\/wp\/v2\/posts\/13554","targetHints":{"allow":["GET"]}}],"collection":[{"href":"https:\/\/despertadormx.mx\/index.php\/wp-json\/wp\/v2\/posts"}],"about":[{"href":"https:\/\/despertadormx.mx\/index.php\/wp-json\/wp\/v2\/types\/post"}],"author":[{"embeddable":true,"href":"https:\/\/despertadormx.mx\/index.php\/wp-json\/wp\/v2\/users\/1"}],"replies":[{"embeddable":true,"href":"https:\/\/despertadormx.mx\/index.php\/wp-json\/wp\/v2\/comments?post=13554"}],"version-history":[{"count":1,"href":"https:\/\/despertadormx.mx\/index.php\/wp-json\/wp\/v2\/posts\/13554\/revisions"}],"predecessor-version":[{"id":13564,"href":"https:\/\/despertadormx.mx\/index.php\/wp-json\/wp\/v2\/posts\/13554\/revisions\/13564"}],"wp:featuredmedia":[{"embeddable":true,"href":"https:\/\/despertadormx.mx\/index.php\/wp-json\/wp\/v2\/media\/13555"}],"wp:attachment":[{"href":"https:\/\/despertadormx.mx\/index.php\/wp-json\/wp\/v2\/media?parent=13554"}],"wp:term":[{"taxonomy":"category","embeddable":true,"href":"https:\/\/despertadormx.mx\/index.php\/wp-json\/wp\/v2\/categories?post=13554"},{"taxonomy":"post_tag","embeddable":true,"href":"https:\/\/despertadormx.mx\/index.php\/wp-json\/wp\/v2\/tags?post=13554"}],"curies":[{"name":"wp","href":"https:\/\/api.w.org\/{rel}","templated":true}]}}