{"id":13548,"date":"2026-04-27T12:54:14","date_gmt":"2026-04-27T18:54:14","guid":{"rendered":"https:\/\/despertadormx.mx\/?p=13548"},"modified":"2026-04-27T12:54:15","modified_gmt":"2026-04-27T18:54:15","slug":"sawe-rompe-barrera-historica-record-mundial","status":"publish","type":"post","link":"https:\/\/despertadormx.mx\/index.php\/2026\/04\/27\/sawe-rompe-barrera-historica-record-mundial\/","title":{"rendered":"Sawe rompe barrera hist\u00f3rica R\u00e9cord mundial"},"content":{"rendered":"\n<p>El keniano Sabastian Sawe hizo historia al ganar el Marat\u00f3n de Londres con un tiempo de 1:59:30, convirti\u00e9ndose en el primero en bajar de las dos horas en una competencia oficial. Con esta marca, super\u00f3 el r\u00e9cord mundial previo y reafirm\u00f3 su dominio en la distancia.<\/p>\n\n\n\n<p>Sawe lider\u00f3 una carrera extraordinaria en la que tambi\u00e9n brill\u00f3 el et\u00edope Yomif Kejelcha, quien finaliz\u00f3 segundo con 1:59:41 en su debut. Ambos atletas marcaron un momento hist\u00f3rico en el atletismo, impulsados por avances en entrenamiento, nutrici\u00f3n y tecnolog\u00eda en el calzado deportivo.<\/p>\n\n\n\n<p>En la rama femenil, Tigst Assefa tambi\u00e9n destac\u00f3 al imponer un nuevo r\u00e9cord mundial con 2:15:41. La jornada confirm\u00f3 una nueva era en el marat\u00f3n, donde los l\u00edmites contin\u00faan rompi\u00e9ndose y las marcas ic\u00f3nicas parecen cada vez m\u00e1s alcanzables.<\/p>\n","protected":false},"excerpt":{"rendered":"<p>El keniano Sabastian Sawe hizo historia al ganar el Marat\u00f3n de Londres con un tiempo de 1:59:30, convirti\u00e9ndose en el primero en bajar de las dos horas en una competencia oficial. Con esta marca, super\u00f3 el r\u00e9cord mundial previo y reafirm\u00f3 su dominio en la distancia. Sawe lider\u00f3 una carrera extraordinaria en la que tambi\u00e9n [&hellip;]<\/p>\n","protected":false},"author":1,"featured_media":13533,"comment_status":"open","ping_status":"open","sticky":false,"template":"","format":"standard","meta":{"footnotes":""},"categories":[1140],"tags":[],"class_list":["post-13548","post","type-post","status-publish","format-standard","has-post-thumbnail","hentry","category-deportes"],"yoast_head":"<!-- This site is optimized with the Yoast SEO plugin v27.4 - https:\/\/yoast.com\/product\/yoast-seo-wordpress\/ -->\n<title>Sawe rompe barrera hist\u00f3rica R\u00e9cord mundial | despertador mx<\/title>\n<meta name=\"robots\" content=\"index, follow, max-snippet:-1, max-image-preview:large, max-video-preview:-1\" \/>\n<link rel=\"canonical\" href=\"https:\/\/despertadormx.mx\/index.php\/2026\/04\/27\/sawe-rompe-barrera-historica-record-mundial\/\" \/>\n<meta property=\"og:locale\" content=\"es_MX\" \/>\n<meta property=\"og:type\" content=\"article\" \/>\n<meta property=\"og:title\" content=\"Sawe rompe barrera hist\u00f3rica R\u00e9cord mundial | despertador mx\" \/>\n<meta property=\"og:description\" content=\"El keniano Sabastian Sawe hizo historia al ganar el Marat\u00f3n de Londres con un tiempo de 1:59:30, convirti\u00e9ndose en el primero en bajar de las dos horas en una competencia oficial. Con esta marca, super\u00f3 el r\u00e9cord mundial previo y reafirm\u00f3 su dominio en la distancia. Sawe lider\u00f3 una carrera extraordinaria en la que tambi\u00e9n [&hellip;]\" \/>\n<meta property=\"og:url\" content=\"https:\/\/despertadormx.mx\/index.php\/2026\/04\/27\/sawe-rompe-barrera-historica-record-mundial\/\" \/>\n<meta property=\"og:site_name\" content=\"despertador mx\" \/>\n<meta property=\"article:publisher\" content=\"https:\/\/www.facebook.com\/despertadom\" \/>\n<meta property=\"article:published_time\" content=\"2026-04-27T18:54:14+00:00\" \/>\n<meta property=\"article:modified_time\" content=\"2026-04-27T18:54:15+00:00\" \/>\n<meta property=\"og:image\" content=\"https:\/\/despertadormx.mx\/wp-content\/uploads\/2026\/04\/6-1-4.png\" \/>\n\t<meta property=\"og:image:width\" content=\"1200\" \/>\n\t<meta property=\"og:image:height\" content=\"722\" \/>\n\t<meta property=\"og:image:type\" content=\"image\/png\" \/>\n<meta name=\"author\" content=\"despertadormx.com\" \/>\n<meta name=\"twitter:card\" content=\"summary_large_image\" \/>\n<meta name=\"twitter:label1\" content=\"Escrito por\" \/>\n\t<meta name=\"twitter:data1\" content=\"despertadormx.com\" \/>\n\t<meta name=\"twitter:label2\" content=\"Tiempo de lectura\" \/>\n\t<meta name=\"twitter:data2\" content=\"1 minuto\" \/>\n<script type=\"application\/ld+json\" class=\"yoast-schema-graph\">{\"@context\":\"https:\\\/\\\/schema.org\",\"@graph\":[{\"@type\":\"Article\",\"@id\":\"https:\\\/\\\/despertadormx.mx\\\/index.php\\\/2026\\\/04\\\/27\\\/sawe-rompe-barrera-historica-record-mundial\\\/#article\",\"isPartOf\":{\"@id\":\"https:\\\/\\\/despertadormx.mx\\\/index.php\\\/2026\\\/04\\\/27\\\/sawe-rompe-barrera-historica-record-mundial\\\/\"},\"author\":{\"name\":\"despertadormx.com\",\"@id\":\"https:\\\/\\\/despertadormx.mx\\\/#\\\/schema\\\/person\\\/130b3808b7cb2ae87c9b8ed44afef513\"},\"headline\":\"Sawe rompe barrera hist\u00f3rica R\u00e9cord mundial\",\"datePublished\":\"2026-04-27T18:54:14+00:00\",\"dateModified\":\"2026-04-27T18:54:15+00:00\",\"mainEntityOfPage\":{\"@id\":\"https:\\\/\\\/despertadormx.mx\\\/index.php\\\/2026\\\/04\\\/27\\\/sawe-rompe-barrera-historica-record-mundial\\\/\"},\"wordCount\":149,\"commentCount\":0,\"publisher\":{\"@id\":\"https:\\\/\\\/despertadormx.mx\\\/#organization\"},\"image\":{\"@id\":\"https:\\\/\\\/despertadormx.mx\\\/index.php\\\/2026\\\/04\\\/27\\\/sawe-rompe-barrera-historica-record-mundial\\\/#primaryimage\"},\"thumbnailUrl\":\"https:\\\/\\\/despertadormx.mx\\\/wp-content\\\/uploads\\\/2026\\\/04\\\/6-1-4.png\",\"articleSection\":[\"Deportes\"],\"inLanguage\":\"es\",\"potentialAction\":[{\"@type\":\"CommentAction\",\"name\":\"Comment\",\"target\":[\"https:\\\/\\\/despertadormx.mx\\\/index.php\\\/2026\\\/04\\\/27\\\/sawe-rompe-barrera-historica-record-mundial\\\/#respond\"]}]},{\"@type\":\"WebPage\",\"@id\":\"https:\\\/\\\/despertadormx.mx\\\/index.php\\\/2026\\\/04\\\/27\\\/sawe-rompe-barrera-historica-record-mundial\\\/\",\"url\":\"https:\\\/\\\/despertadormx.mx\\\/index.php\\\/2026\\\/04\\\/27\\\/sawe-rompe-barrera-historica-record-mundial\\\/\",\"name\":\"Sawe rompe barrera hist\u00f3rica R\u00e9cord mundial | despertador mx\",\"isPartOf\":{\"@id\":\"https:\\\/\\\/despertadormx.mx\\\/#website\"},\"primaryImageOfPage\":{\"@id\":\"https:\\\/\\\/despertadormx.mx\\\/index.php\\\/2026\\\/04\\\/27\\\/sawe-rompe-barrera-historica-record-mundial\\\/#primaryimage\"},\"image\":{\"@id\":\"https:\\\/\\\/despertadormx.mx\\\/index.php\\\/2026\\\/04\\\/27\\\/sawe-rompe-barrera-historica-record-mundial\\\/#primaryimage\"},\"thumbnailUrl\":\"https:\\\/\\\/despertadormx.mx\\\/wp-content\\\/uploads\\\/2026\\\/04\\\/6-1-4.png\",\"datePublished\":\"2026-04-27T18:54:14+00:00\",\"dateModified\":\"2026-04-27T18:54:15+00:00\",\"breadcrumb\":{\"@id\":\"https:\\\/\\\/despertadormx.mx\\\/index.php\\\/2026\\\/04\\\/27\\\/sawe-rompe-barrera-historica-record-mundial\\\/#breadcrumb\"},\"inLanguage\":\"es\",\"potentialAction\":[{\"@type\":\"ReadAction\",\"target\":[\"https:\\\/\\\/despertadormx.mx\\\/index.php\\\/2026\\\/04\\\/27\\\/sawe-rompe-barrera-historica-record-mundial\\\/\"]}]},{\"@type\":\"ImageObject\",\"inLanguage\":\"es\",\"@id\":\"https:\\\/\\\/despertadormx.mx\\\/index.php\\\/2026\\\/04\\\/27\\\/sawe-rompe-barrera-historica-record-mundial\\\/#primaryimage\",\"url\":\"https:\\\/\\\/despertadormx.mx\\\/wp-content\\\/uploads\\\/2026\\\/04\\\/6-1-4.png\",\"contentUrl\":\"https:\\\/\\\/despertadormx.mx\\\/wp-content\\\/uploads\\\/2026\\\/04\\\/6-1-4.png\",\"width\":1200,\"height\":722},{\"@type\":\"BreadcrumbList\",\"@id\":\"https:\\\/\\\/despertadormx.mx\\\/index.php\\\/2026\\\/04\\\/27\\\/sawe-rompe-barrera-historica-record-mundial\\\/#breadcrumb\",\"itemListElement\":[{\"@type\":\"ListItem\",\"position\":1,\"name\":\"Inicio\",\"item\":\"https:\\\/\\\/olive-porpoise-471889.hostingersite.com\\\/\"},{\"@type\":\"ListItem\",\"position\":2,\"name\":\"Sawe rompe barrera hist\u00f3rica R\u00e9cord mundial\"}]},{\"@type\":\"WebSite\",\"@id\":\"https:\\\/\\\/despertadormx.mx\\\/#website\",\"url\":\"https:\\\/\\\/despertadormx.mx\\\/\",\"name\":\"despertador mx\",\"description\":\"\",\"publisher\":{\"@id\":\"https:\\\/\\\/despertadormx.mx\\\/#organization\"},\"potentialAction\":[{\"@type\":\"SearchAction\",\"target\":{\"@type\":\"EntryPoint\",\"urlTemplate\":\"https:\\\/\\\/despertadormx.mx\\\/?s={search_term_string}\"},\"query-input\":{\"@type\":\"PropertyValueSpecification\",\"valueRequired\":true,\"valueName\":\"search_term_string\"}}],\"inLanguage\":\"es\"},{\"@type\":\"Organization\",\"@id\":\"https:\\\/\\\/despertadormx.mx\\\/#organization\",\"name\":\"despertador mx\",\"url\":\"https:\\\/\\\/despertadormx.mx\\\/\",\"logo\":{\"@type\":\"ImageObject\",\"inLanguage\":\"es\",\"@id\":\"https:\\\/\\\/despertadormx.mx\\\/#\\\/schema\\\/logo\\\/image\\\/\",\"url\":\"https:\\\/\\\/despertadormx.mx\\\/wp-content\\\/uploads\\\/2025\\\/05\\\/LOGO-DESPERTADOR-1-scaled.png\",\"contentUrl\":\"https:\\\/\\\/despertadormx.mx\\\/wp-content\\\/uploads\\\/2025\\\/05\\\/LOGO-DESPERTADOR-1-scaled.png\",\"width\":2560,\"height\":2370,\"caption\":\"despertador mx\"},\"image\":{\"@id\":\"https:\\\/\\\/despertadormx.mx\\\/#\\\/schema\\\/logo\\\/image\\\/\"},\"sameAs\":[\"https:\\\/\\\/www.facebook.com\\\/despertadom\",\"https:\\\/\\\/www.instagram.com\\\/despertador.m.x?igsh=MTcwYzRjYjdqMm11cA&utm_source=qr\",\"https:\\\/\\\/www.youtube.com\\\/@despertador.m.x\"]},{\"@type\":\"Person\",\"@id\":\"https:\\\/\\\/despertadormx.mx\\\/#\\\/schema\\\/person\\\/130b3808b7cb2ae87c9b8ed44afef513\",\"name\":\"despertadormx.com\",\"image\":{\"@type\":\"ImageObject\",\"inLanguage\":\"es\",\"@id\":\"https:\\\/\\\/secure.gravatar.com\\\/avatar\\\/f8f56db645af77135d63bea778a5507315c09e61c16020554b24c7c6a10f1221?s=96&d=mm&r=g\",\"url\":\"https:\\\/\\\/secure.gravatar.com\\\/avatar\\\/f8f56db645af77135d63bea778a5507315c09e61c16020554b24c7c6a10f1221?s=96&d=mm&r=g\",\"contentUrl\":\"https:\\\/\\\/secure.gravatar.com\\\/avatar\\\/f8f56db645af77135d63bea778a5507315c09e61c16020554b24c7c6a10f1221?s=96&d=mm&r=g\",\"caption\":\"despertadormx.com\"},\"sameAs\":[\"https:\\\/\\\/despertadormx.mx\"],\"url\":\"https:\\\/\\\/despertadormx.mx\\\/index.php\\\/author\\\/despertadormx-com\\\/\"}]}<\/script>\n<!-- \/ Yoast SEO plugin. -->","yoast_head_json":{"title":"Sawe rompe barrera hist\u00f3rica R\u00e9cord mundial | despertador mx","robots":{"index":"index","follow":"follow","max-snippet":"max-snippet:-1","max-image-preview":"max-image-preview:large","max-video-preview":"max-video-preview:-1"},"canonical":"https:\/\/despertadormx.mx\/index.php\/2026\/04\/27\/sawe-rompe-barrera-historica-record-mundial\/","og_locale":"es_MX","og_type":"article","og_title":"Sawe rompe barrera hist\u00f3rica R\u00e9cord mundial | despertador mx","og_description":"El keniano Sabastian Sawe hizo historia al ganar el Marat\u00f3n de Londres con un tiempo de 1:59:30, convirti\u00e9ndose en el primero en bajar de las dos horas en una competencia oficial. Con esta marca, super\u00f3 el r\u00e9cord mundial previo y reafirm\u00f3 su dominio en la distancia. Sawe lider\u00f3 una carrera extraordinaria en la que tambi\u00e9n [&hellip;]","og_url":"https:\/\/despertadormx.mx\/index.php\/2026\/04\/27\/sawe-rompe-barrera-historica-record-mundial\/","og_site_name":"despertador mx","article_publisher":"https:\/\/www.facebook.com\/despertadom","article_published_time":"2026-04-27T18:54:14+00:00","article_modified_time":"2026-04-27T18:54:15+00:00","og_image":[{"width":1200,"height":722,"url":"https:\/\/despertadormx.mx\/wp-content\/uploads\/2026\/04\/6-1-4.png","type":"image\/png"}],"author":"despertadormx.com","twitter_card":"summary_large_image","twitter_misc":{"Escrito por":"despertadormx.com","Tiempo de lectura":"1 minuto"},"schema":{"@context":"https:\/\/schema.org","@graph":[{"@type":"Article","@id":"https:\/\/despertadormx.mx\/index.php\/2026\/04\/27\/sawe-rompe-barrera-historica-record-mundial\/#article","isPartOf":{"@id":"https:\/\/despertadormx.mx\/index.php\/2026\/04\/27\/sawe-rompe-barrera-historica-record-mundial\/"},"author":{"name":"despertadormx.com","@id":"https:\/\/despertadormx.mx\/#\/schema\/person\/130b3808b7cb2ae87c9b8ed44afef513"},"headline":"Sawe rompe barrera hist\u00f3rica R\u00e9cord mundial","datePublished":"2026-04-27T18:54:14+00:00","dateModified":"2026-04-27T18:54:15+00:00","mainEntityOfPage":{"@id":"https:\/\/despertadormx.mx\/index.php\/2026\/04\/27\/sawe-rompe-barrera-historica-record-mundial\/"},"wordCount":149,"commentCount":0,"publisher":{"@id":"https:\/\/despertadormx.mx\/#organization"},"image":{"@id":"https:\/\/despertadormx.mx\/index.php\/2026\/04\/27\/sawe-rompe-barrera-historica-record-mundial\/#primaryimage"},"thumbnailUrl":"https:\/\/despertadormx.mx\/wp-content\/uploads\/2026\/04\/6-1-4.png","articleSection":["Deportes"],"inLanguage":"es","potentialAction":[{"@type":"CommentAction","name":"Comment","target":["https:\/\/despertadormx.mx\/index.php\/2026\/04\/27\/sawe-rompe-barrera-historica-record-mundial\/#respond"]}]},{"@type":"WebPage","@id":"https:\/\/despertadormx.mx\/index.php\/2026\/04\/27\/sawe-rompe-barrera-historica-record-mundial\/","url":"https:\/\/despertadormx.mx\/index.php\/2026\/04\/27\/sawe-rompe-barrera-historica-record-mundial\/","name":"Sawe rompe barrera hist\u00f3rica R\u00e9cord mundial | despertador mx","isPartOf":{"@id":"https:\/\/despertadormx.mx\/#website"},"primaryImageOfPage":{"@id":"https:\/\/despertadormx.mx\/index.php\/2026\/04\/27\/sawe-rompe-barrera-historica-record-mundial\/#primaryimage"},"image":{"@id":"https:\/\/despertadormx.mx\/index.php\/2026\/04\/27\/sawe-rompe-barrera-historica-record-mundial\/#primaryimage"},"thumbnailUrl":"https:\/\/despertadormx.mx\/wp-content\/uploads\/2026\/04\/6-1-4.png","datePublished":"2026-04-27T18:54:14+00:00","dateModified":"2026-04-27T18:54:15+00:00","breadcrumb":{"@id":"https:\/\/despertadormx.mx\/index.php\/2026\/04\/27\/sawe-rompe-barrera-historica-record-mundial\/#breadcrumb"},"inLanguage":"es","potentialAction":[{"@type":"ReadAction","target":["https:\/\/despertadormx.mx\/index.php\/2026\/04\/27\/sawe-rompe-barrera-historica-record-mundial\/"]}]},{"@type":"ImageObject","inLanguage":"es","@id":"https:\/\/despertadormx.mx\/index.php\/2026\/04\/27\/sawe-rompe-barrera-historica-record-mundial\/#primaryimage","url":"https:\/\/despertadormx.mx\/wp-content\/uploads\/2026\/04\/6-1-4.png","contentUrl":"https:\/\/despertadormx.mx\/wp-content\/uploads\/2026\/04\/6-1-4.png","width":1200,"height":722},{"@type":"BreadcrumbList","@id":"https:\/\/despertadormx.mx\/index.php\/2026\/04\/27\/sawe-rompe-barrera-historica-record-mundial\/#breadcrumb","itemListElement":[{"@type":"ListItem","position":1,"name":"Inicio","item":"https:\/\/olive-porpoise-471889.hostingersite.com\/"},{"@type":"ListItem","position":2,"name":"Sawe rompe barrera hist\u00f3rica R\u00e9cord mundial"}]},{"@type":"WebSite","@id":"https:\/\/despertadormx.mx\/#website","url":"https:\/\/despertadormx.mx\/","name":"despertador mx","description":"","publisher":{"@id":"https:\/\/despertadormx.mx\/#organization"},"potentialAction":[{"@type":"SearchAction","target":{"@type":"EntryPoint","urlTemplate":"https:\/\/despertadormx.mx\/?s={search_term_string}"},"query-input":{"@type":"PropertyValueSpecification","valueRequired":true,"valueName":"search_term_string"}}],"inLanguage":"es"},{"@type":"Organization","@id":"https:\/\/despertadormx.mx\/#organization","name":"despertador mx","url":"https:\/\/despertadormx.mx\/","logo":{"@type":"ImageObject","inLanguage":"es","@id":"https:\/\/despertadormx.mx\/#\/schema\/logo\/image\/","url":"https:\/\/despertadormx.mx\/wp-content\/uploads\/2025\/05\/LOGO-DESPERTADOR-1-scaled.png","contentUrl":"https:\/\/despertadormx.mx\/wp-content\/uploads\/2025\/05\/LOGO-DESPERTADOR-1-scaled.png","width":2560,"height":2370,"caption":"despertador mx"},"image":{"@id":"https:\/\/despertadormx.mx\/#\/schema\/logo\/image\/"},"sameAs":["https:\/\/www.facebook.com\/despertadom","https:\/\/www.instagram.com\/despertador.m.x?igsh=MTcwYzRjYjdqMm11cA&utm_source=qr","https:\/\/www.youtube.com\/@despertador.m.x"]},{"@type":"Person","@id":"https:\/\/despertadormx.mx\/#\/schema\/person\/130b3808b7cb2ae87c9b8ed44afef513","name":"despertadormx.com","image":{"@type":"ImageObject","inLanguage":"es","@id":"https:\/\/secure.gravatar.com\/avatar\/f8f56db645af77135d63bea778a5507315c09e61c16020554b24c7c6a10f1221?s=96&d=mm&r=g","url":"https:\/\/secure.gravatar.com\/avatar\/f8f56db645af77135d63bea778a5507315c09e61c16020554b24c7c6a10f1221?s=96&d=mm&r=g","contentUrl":"https:\/\/secure.gravatar.com\/avatar\/f8f56db645af77135d63bea778a5507315c09e61c16020554b24c7c6a10f1221?s=96&d=mm&r=g","caption":"despertadormx.com"},"sameAs":["https:\/\/despertadormx.mx"],"url":"https:\/\/despertadormx.mx\/index.php\/author\/despertadormx-com\/"}]}},"rttpg_featured_image_url":{"full":["https:\/\/despertadormx.mx\/wp-content\/uploads\/2026\/04\/6-1-4.png",1200,722,false],"landscape":["https:\/\/despertadormx.mx\/wp-content\/uploads\/2026\/04\/6-1-4.png",1200,722,false],"portraits":["https:\/\/despertadormx.mx\/wp-content\/uploads\/2026\/04\/6-1-4.png",1200,722,false],"thumbnail":["https:\/\/despertadormx.mx\/wp-content\/uploads\/2026\/04\/6-1-4-150x150.png",150,150,true],"medium":["https:\/\/despertadormx.mx\/wp-content\/uploads\/2026\/04\/6-1-4-300x181.png",300,181,true],"large":["https:\/\/despertadormx.mx\/wp-content\/uploads\/2026\/04\/6-1-4-1024x616.png",640,385,true],"1536x1536":["https:\/\/despertadormx.mx\/wp-content\/uploads\/2026\/04\/6-1-4.png",1200,722,false],"2048x2048":["https:\/\/despertadormx.mx\/wp-content\/uploads\/2026\/04\/6-1-4.png",1200,722,false],"newsup-slider-full":["https:\/\/despertadormx.mx\/wp-content\/uploads\/2026\/04\/6-1-4-1200x720.png",1200,720,true],"newsup-featured":["https:\/\/despertadormx.mx\/wp-content\/uploads\/2026\/04\/6-1-4-1024x616.png",1024,616,true],"newsup-medium":["https:\/\/despertadormx.mx\/wp-content\/uploads\/2026\/04\/6-1-4-720x380.png",720,380,true]},"rttpg_author":{"display_name":"despertadormx.com","author_link":"https:\/\/despertadormx.mx\/index.php\/author\/despertadormx-com\/"},"rttpg_comment":0,"rttpg_category":"<a href=\"https:\/\/despertadormx.mx\/index.php\/category\/deportes\/\" rel=\"category tag\">Deportes<\/a>","rttpg_excerpt":"El keniano Sabastian Sawe hizo historia al ganar el Marat\u00f3n de Londres con un tiempo de 1:59:30, convirti\u00e9ndose en el primero en bajar de las dos horas en una competencia oficial. Con esta marca, super\u00f3 el r\u00e9cord mundial previo y reafirm\u00f3 su dominio en la distancia. Sawe lider\u00f3 una carrera extraordinaria en la que tambi\u00e9n&hellip;","_links":{"self":[{"href":"https:\/\/despertadormx.mx\/index.php\/wp-json\/wp\/v2\/posts\/13548","targetHints":{"allow":["GET"]}}],"collection":[{"href":"https:\/\/despertadormx.mx\/index.php\/wp-json\/wp\/v2\/posts"}],"about":[{"href":"https:\/\/despertadormx.mx\/index.php\/wp-json\/wp\/v2\/types\/post"}],"author":[{"embeddable":true,"href":"https:\/\/despertadormx.mx\/index.php\/wp-json\/wp\/v2\/users\/1"}],"replies":[{"embeddable":true,"href":"https:\/\/despertadormx.mx\/index.php\/wp-json\/wp\/v2\/comments?post=13548"}],"version-history":[{"count":1,"href":"https:\/\/despertadormx.mx\/index.php\/wp-json\/wp\/v2\/posts\/13548\/revisions"}],"predecessor-version":[{"id":13549,"href":"https:\/\/despertadormx.mx\/index.php\/wp-json\/wp\/v2\/posts\/13548\/revisions\/13549"}],"wp:featuredmedia":[{"embeddable":true,"href":"https:\/\/despertadormx.mx\/index.php\/wp-json\/wp\/v2\/media\/13533"}],"wp:attachment":[{"href":"https:\/\/despertadormx.mx\/index.php\/wp-json\/wp\/v2\/media?parent=13548"}],"wp:term":[{"taxonomy":"category","embeddable":true,"href":"https:\/\/despertadormx.mx\/index.php\/wp-json\/wp\/v2\/categories?post=13548"},{"taxonomy":"post_tag","embeddable":true,"href":"https:\/\/despertadormx.mx\/index.php\/wp-json\/wp\/v2\/tags?post=13548"}],"curies":[{"name":"wp","href":"https:\/\/api.w.org\/{rel}","templated":true}]}}