{"id":13546,"date":"2026-04-27T12:53:47","date_gmt":"2026-04-27T18:53:47","guid":{"rendered":"https:\/\/despertadormx.mx\/?p=13546"},"modified":"2026-04-27T12:53:48","modified_gmt":"2026-04-27T18:53:48","slug":"salud-emocional-juvenil-se-vuelve-prioridad-en-agenda-educativa","status":"publish","type":"post","link":"https:\/\/despertadormx.mx\/index.php\/2026\/04\/27\/salud-emocional-juvenil-se-vuelve-prioridad-en-agenda-educativa\/","title":{"rendered":"Salud emocional juvenil se vuelve prioridad en agenda educativa"},"content":{"rendered":"\n<p>El bienestar socioemocional de j\u00f3venes se ha consolidado como un desaf\u00edo central en el sistema educativo, en un contexto marcado por cambios sociales, tecnol\u00f3gicos y familiares. Experiencias en aulas reflejan que estudiantes enfrentan incertidumbre, presi\u00f3n social y falta de acompa\u00f1amiento emocional, factores que impactan directamente en su desarrollo y desempe\u00f1o acad\u00e9mico.<\/p>\n\n\n\n<p>La reciente Estrategia Nacional de Atenci\u00f3n a la Salud Mental impulsada por el gobierno federal busca responder a estas problem\u00e1ticas mediante un enfoque integral que involucra a escuelas, familias y comunidades. El programa contempla acciones como campa\u00f1as de sensibilizaci\u00f3n, materiales de apoyo y actividades escolares orientadas a fortalecer habilidades emocionales y promover entornos saludables.<\/p>\n\n\n\n<p>Especialistas coinciden en que la atenci\u00f3n socioemocional no puede limitarse al \u00e1mbito escolar. La interacci\u00f3n entre el entorno familiar, el uso de tecnolog\u00edas digitales y las condiciones econ\u00f3micas influye de manera determinante en la salud mental de los estudiantes. La falta de acompa\u00f1amiento en estos \u00e1mbitos puede derivar en conductas de riesgo, aislamiento o problemas de convivencia.<\/p>\n\n\n\n<p>En este escenario, el reto consiste en construir un modelo educativo que integre el bienestar emocional como componente estructural. M\u00e1s all\u00e1 de pol\u00edticas espec\u00edficas, la coordinaci\u00f3n entre actores sociales ser\u00e1 clave para atender una problem\u00e1tica que trasciende el aula y refleja transformaciones m\u00e1s amplias en la sociedad.<\/p>\n","protected":false},"excerpt":{"rendered":"<p>El bienestar socioemocional de j\u00f3venes se ha consolidado como un desaf\u00edo central en el sistema educativo, en un contexto marcado por cambios sociales, tecnol\u00f3gicos y familiares. Experiencias en aulas reflejan que estudiantes enfrentan incertidumbre, presi\u00f3n social y falta de acompa\u00f1amiento emocional, factores que impactan directamente en su desarrollo y desempe\u00f1o acad\u00e9mico. La reciente Estrategia Nacional [&hellip;]<\/p>\n","protected":false},"author":1,"featured_media":13536,"comment_status":"open","ping_status":"open","sticky":false,"template":"","format":"standard","meta":{"footnotes":""},"categories":[1142],"tags":[],"class_list":["post-13546","post","type-post","status-publish","format-standard","has-post-thumbnail","hentry","category-analisis"],"yoast_head":"<!-- This site is optimized with the Yoast SEO plugin v27.4 - https:\/\/yoast.com\/product\/yoast-seo-wordpress\/ -->\n<title>Salud emocional juvenil se vuelve prioridad en agenda educativa | despertador mx<\/title>\n<meta name=\"robots\" content=\"index, follow, max-snippet:-1, max-image-preview:large, max-video-preview:-1\" \/>\n<link rel=\"canonical\" href=\"https:\/\/despertadormx.mx\/index.php\/2026\/04\/27\/salud-emocional-juvenil-se-vuelve-prioridad-en-agenda-educativa\/\" \/>\n<meta property=\"og:locale\" content=\"es_MX\" \/>\n<meta property=\"og:type\" content=\"article\" \/>\n<meta property=\"og:title\" content=\"Salud emocional juvenil se vuelve prioridad en agenda educativa | despertador mx\" \/>\n<meta property=\"og:description\" content=\"El bienestar socioemocional de j\u00f3venes se ha consolidado como un desaf\u00edo central en el sistema educativo, en un contexto marcado por cambios sociales, tecnol\u00f3gicos y familiares. Experiencias en aulas reflejan que estudiantes enfrentan incertidumbre, presi\u00f3n social y falta de acompa\u00f1amiento emocional, factores que impactan directamente en su desarrollo y desempe\u00f1o acad\u00e9mico. La reciente Estrategia Nacional [&hellip;]\" \/>\n<meta property=\"og:url\" content=\"https:\/\/despertadormx.mx\/index.php\/2026\/04\/27\/salud-emocional-juvenil-se-vuelve-prioridad-en-agenda-educativa\/\" \/>\n<meta property=\"og:site_name\" content=\"despertador mx\" \/>\n<meta property=\"article:publisher\" content=\"https:\/\/www.facebook.com\/despertadom\" \/>\n<meta property=\"article:published_time\" content=\"2026-04-27T18:53:47+00:00\" \/>\n<meta property=\"article:modified_time\" content=\"2026-04-27T18:53:48+00:00\" \/>\n<meta property=\"og:image\" content=\"https:\/\/despertadormx.mx\/wp-content\/uploads\/2026\/04\/9-1-4.png\" \/>\n\t<meta property=\"og:image:width\" content=\"1200\" \/>\n\t<meta property=\"og:image:height\" content=\"722\" \/>\n\t<meta property=\"og:image:type\" content=\"image\/png\" \/>\n<meta name=\"author\" content=\"despertadormx.com\" \/>\n<meta name=\"twitter:card\" content=\"summary_large_image\" \/>\n<meta name=\"twitter:label1\" content=\"Escrito por\" \/>\n\t<meta name=\"twitter:data1\" content=\"despertadormx.com\" \/>\n\t<meta name=\"twitter:label2\" content=\"Tiempo de lectura\" \/>\n\t<meta name=\"twitter:data2\" content=\"2 minutos\" \/>\n<script type=\"application\/ld+json\" class=\"yoast-schema-graph\">{\"@context\":\"https:\\\/\\\/schema.org\",\"@graph\":[{\"@type\":\"Article\",\"@id\":\"https:\\\/\\\/despertadormx.mx\\\/index.php\\\/2026\\\/04\\\/27\\\/salud-emocional-juvenil-se-vuelve-prioridad-en-agenda-educativa\\\/#article\",\"isPartOf\":{\"@id\":\"https:\\\/\\\/despertadormx.mx\\\/index.php\\\/2026\\\/04\\\/27\\\/salud-emocional-juvenil-se-vuelve-prioridad-en-agenda-educativa\\\/\"},\"author\":{\"name\":\"despertadormx.com\",\"@id\":\"https:\\\/\\\/despertadormx.mx\\\/#\\\/schema\\\/person\\\/130b3808b7cb2ae87c9b8ed44afef513\"},\"headline\":\"Salud emocional juvenil se vuelve prioridad en agenda educativa\",\"datePublished\":\"2026-04-27T18:53:47+00:00\",\"dateModified\":\"2026-04-27T18:53:48+00:00\",\"mainEntityOfPage\":{\"@id\":\"https:\\\/\\\/despertadormx.mx\\\/index.php\\\/2026\\\/04\\\/27\\\/salud-emocional-juvenil-se-vuelve-prioridad-en-agenda-educativa\\\/\"},\"wordCount\":240,\"commentCount\":0,\"publisher\":{\"@id\":\"https:\\\/\\\/despertadormx.mx\\\/#organization\"},\"image\":{\"@id\":\"https:\\\/\\\/despertadormx.mx\\\/index.php\\\/2026\\\/04\\\/27\\\/salud-emocional-juvenil-se-vuelve-prioridad-en-agenda-educativa\\\/#primaryimage\"},\"thumbnailUrl\":\"https:\\\/\\\/despertadormx.mx\\\/wp-content\\\/uploads\\\/2026\\\/04\\\/9-1-4.png\",\"articleSection\":[\"An\u00e1lisis\"],\"inLanguage\":\"es\",\"potentialAction\":[{\"@type\":\"CommentAction\",\"name\":\"Comment\",\"target\":[\"https:\\\/\\\/despertadormx.mx\\\/index.php\\\/2026\\\/04\\\/27\\\/salud-emocional-juvenil-se-vuelve-prioridad-en-agenda-educativa\\\/#respond\"]}]},{\"@type\":\"WebPage\",\"@id\":\"https:\\\/\\\/despertadormx.mx\\\/index.php\\\/2026\\\/04\\\/27\\\/salud-emocional-juvenil-se-vuelve-prioridad-en-agenda-educativa\\\/\",\"url\":\"https:\\\/\\\/despertadormx.mx\\\/index.php\\\/2026\\\/04\\\/27\\\/salud-emocional-juvenil-se-vuelve-prioridad-en-agenda-educativa\\\/\",\"name\":\"Salud emocional juvenil se vuelve prioridad en agenda educativa | despertador mx\",\"isPartOf\":{\"@id\":\"https:\\\/\\\/despertadormx.mx\\\/#website\"},\"primaryImageOfPage\":{\"@id\":\"https:\\\/\\\/despertadormx.mx\\\/index.php\\\/2026\\\/04\\\/27\\\/salud-emocional-juvenil-se-vuelve-prioridad-en-agenda-educativa\\\/#primaryimage\"},\"image\":{\"@id\":\"https:\\\/\\\/despertadormx.mx\\\/index.php\\\/2026\\\/04\\\/27\\\/salud-emocional-juvenil-se-vuelve-prioridad-en-agenda-educativa\\\/#primaryimage\"},\"thumbnailUrl\":\"https:\\\/\\\/despertadormx.mx\\\/wp-content\\\/uploads\\\/2026\\\/04\\\/9-1-4.png\",\"datePublished\":\"2026-04-27T18:53:47+00:00\",\"dateModified\":\"2026-04-27T18:53:48+00:00\",\"breadcrumb\":{\"@id\":\"https:\\\/\\\/despertadormx.mx\\\/index.php\\\/2026\\\/04\\\/27\\\/salud-emocional-juvenil-se-vuelve-prioridad-en-agenda-educativa\\\/#breadcrumb\"},\"inLanguage\":\"es\",\"potentialAction\":[{\"@type\":\"ReadAction\",\"target\":[\"https:\\\/\\\/despertadormx.mx\\\/index.php\\\/2026\\\/04\\\/27\\\/salud-emocional-juvenil-se-vuelve-prioridad-en-agenda-educativa\\\/\"]}]},{\"@type\":\"ImageObject\",\"inLanguage\":\"es\",\"@id\":\"https:\\\/\\\/despertadormx.mx\\\/index.php\\\/2026\\\/04\\\/27\\\/salud-emocional-juvenil-se-vuelve-prioridad-en-agenda-educativa\\\/#primaryimage\",\"url\":\"https:\\\/\\\/despertadormx.mx\\\/wp-content\\\/uploads\\\/2026\\\/04\\\/9-1-4.png\",\"contentUrl\":\"https:\\\/\\\/despertadormx.mx\\\/wp-content\\\/uploads\\\/2026\\\/04\\\/9-1-4.png\",\"width\":1200,\"height\":722},{\"@type\":\"BreadcrumbList\",\"@id\":\"https:\\\/\\\/despertadormx.mx\\\/index.php\\\/2026\\\/04\\\/27\\\/salud-emocional-juvenil-se-vuelve-prioridad-en-agenda-educativa\\\/#breadcrumb\",\"itemListElement\":[{\"@type\":\"ListItem\",\"position\":1,\"name\":\"Inicio\",\"item\":\"https:\\\/\\\/olive-porpoise-471889.hostingersite.com\\\/\"},{\"@type\":\"ListItem\",\"position\":2,\"name\":\"Salud emocional juvenil se vuelve prioridad en agenda educativa\"}]},{\"@type\":\"WebSite\",\"@id\":\"https:\\\/\\\/despertadormx.mx\\\/#website\",\"url\":\"https:\\\/\\\/despertadormx.mx\\\/\",\"name\":\"despertador mx\",\"description\":\"\",\"publisher\":{\"@id\":\"https:\\\/\\\/despertadormx.mx\\\/#organization\"},\"potentialAction\":[{\"@type\":\"SearchAction\",\"target\":{\"@type\":\"EntryPoint\",\"urlTemplate\":\"https:\\\/\\\/despertadormx.mx\\\/?s={search_term_string}\"},\"query-input\":{\"@type\":\"PropertyValueSpecification\",\"valueRequired\":true,\"valueName\":\"search_term_string\"}}],\"inLanguage\":\"es\"},{\"@type\":\"Organization\",\"@id\":\"https:\\\/\\\/despertadormx.mx\\\/#organization\",\"name\":\"despertador mx\",\"url\":\"https:\\\/\\\/despertadormx.mx\\\/\",\"logo\":{\"@type\":\"ImageObject\",\"inLanguage\":\"es\",\"@id\":\"https:\\\/\\\/despertadormx.mx\\\/#\\\/schema\\\/logo\\\/image\\\/\",\"url\":\"https:\\\/\\\/despertadormx.mx\\\/wp-content\\\/uploads\\\/2025\\\/05\\\/LOGO-DESPERTADOR-1-scaled.png\",\"contentUrl\":\"https:\\\/\\\/despertadormx.mx\\\/wp-content\\\/uploads\\\/2025\\\/05\\\/LOGO-DESPERTADOR-1-scaled.png\",\"width\":2560,\"height\":2370,\"caption\":\"despertador mx\"},\"image\":{\"@id\":\"https:\\\/\\\/despertadormx.mx\\\/#\\\/schema\\\/logo\\\/image\\\/\"},\"sameAs\":[\"https:\\\/\\\/www.facebook.com\\\/despertadom\",\"https:\\\/\\\/www.instagram.com\\\/despertador.m.x?igsh=MTcwYzRjYjdqMm11cA&utm_source=qr\",\"https:\\\/\\\/www.youtube.com\\\/@despertador.m.x\"]},{\"@type\":\"Person\",\"@id\":\"https:\\\/\\\/despertadormx.mx\\\/#\\\/schema\\\/person\\\/130b3808b7cb2ae87c9b8ed44afef513\",\"name\":\"despertadormx.com\",\"image\":{\"@type\":\"ImageObject\",\"inLanguage\":\"es\",\"@id\":\"https:\\\/\\\/secure.gravatar.com\\\/avatar\\\/f8f56db645af77135d63bea778a5507315c09e61c16020554b24c7c6a10f1221?s=96&d=mm&r=g\",\"url\":\"https:\\\/\\\/secure.gravatar.com\\\/avatar\\\/f8f56db645af77135d63bea778a5507315c09e61c16020554b24c7c6a10f1221?s=96&d=mm&r=g\",\"contentUrl\":\"https:\\\/\\\/secure.gravatar.com\\\/avatar\\\/f8f56db645af77135d63bea778a5507315c09e61c16020554b24c7c6a10f1221?s=96&d=mm&r=g\",\"caption\":\"despertadormx.com\"},\"sameAs\":[\"https:\\\/\\\/despertadormx.mx\"],\"url\":\"https:\\\/\\\/despertadormx.mx\\\/index.php\\\/author\\\/despertadormx-com\\\/\"}]}<\/script>\n<!-- \/ Yoast SEO plugin. -->","yoast_head_json":{"title":"Salud emocional juvenil se vuelve prioridad en agenda educativa | despertador mx","robots":{"index":"index","follow":"follow","max-snippet":"max-snippet:-1","max-image-preview":"max-image-preview:large","max-video-preview":"max-video-preview:-1"},"canonical":"https:\/\/despertadormx.mx\/index.php\/2026\/04\/27\/salud-emocional-juvenil-se-vuelve-prioridad-en-agenda-educativa\/","og_locale":"es_MX","og_type":"article","og_title":"Salud emocional juvenil se vuelve prioridad en agenda educativa | despertador mx","og_description":"El bienestar socioemocional de j\u00f3venes se ha consolidado como un desaf\u00edo central en el sistema educativo, en un contexto marcado por cambios sociales, tecnol\u00f3gicos y familiares. Experiencias en aulas reflejan que estudiantes enfrentan incertidumbre, presi\u00f3n social y falta de acompa\u00f1amiento emocional, factores que impactan directamente en su desarrollo y desempe\u00f1o acad\u00e9mico. La reciente Estrategia Nacional [&hellip;]","og_url":"https:\/\/despertadormx.mx\/index.php\/2026\/04\/27\/salud-emocional-juvenil-se-vuelve-prioridad-en-agenda-educativa\/","og_site_name":"despertador mx","article_publisher":"https:\/\/www.facebook.com\/despertadom","article_published_time":"2026-04-27T18:53:47+00:00","article_modified_time":"2026-04-27T18:53:48+00:00","og_image":[{"width":1200,"height":722,"url":"https:\/\/despertadormx.mx\/wp-content\/uploads\/2026\/04\/9-1-4.png","type":"image\/png"}],"author":"despertadormx.com","twitter_card":"summary_large_image","twitter_misc":{"Escrito por":"despertadormx.com","Tiempo de lectura":"2 minutos"},"schema":{"@context":"https:\/\/schema.org","@graph":[{"@type":"Article","@id":"https:\/\/despertadormx.mx\/index.php\/2026\/04\/27\/salud-emocional-juvenil-se-vuelve-prioridad-en-agenda-educativa\/#article","isPartOf":{"@id":"https:\/\/despertadormx.mx\/index.php\/2026\/04\/27\/salud-emocional-juvenil-se-vuelve-prioridad-en-agenda-educativa\/"},"author":{"name":"despertadormx.com","@id":"https:\/\/despertadormx.mx\/#\/schema\/person\/130b3808b7cb2ae87c9b8ed44afef513"},"headline":"Salud emocional juvenil se vuelve prioridad en agenda educativa","datePublished":"2026-04-27T18:53:47+00:00","dateModified":"2026-04-27T18:53:48+00:00","mainEntityOfPage":{"@id":"https:\/\/despertadormx.mx\/index.php\/2026\/04\/27\/salud-emocional-juvenil-se-vuelve-prioridad-en-agenda-educativa\/"},"wordCount":240,"commentCount":0,"publisher":{"@id":"https:\/\/despertadormx.mx\/#organization"},"image":{"@id":"https:\/\/despertadormx.mx\/index.php\/2026\/04\/27\/salud-emocional-juvenil-se-vuelve-prioridad-en-agenda-educativa\/#primaryimage"},"thumbnailUrl":"https:\/\/despertadormx.mx\/wp-content\/uploads\/2026\/04\/9-1-4.png","articleSection":["An\u00e1lisis"],"inLanguage":"es","potentialAction":[{"@type":"CommentAction","name":"Comment","target":["https:\/\/despertadormx.mx\/index.php\/2026\/04\/27\/salud-emocional-juvenil-se-vuelve-prioridad-en-agenda-educativa\/#respond"]}]},{"@type":"WebPage","@id":"https:\/\/despertadormx.mx\/index.php\/2026\/04\/27\/salud-emocional-juvenil-se-vuelve-prioridad-en-agenda-educativa\/","url":"https:\/\/despertadormx.mx\/index.php\/2026\/04\/27\/salud-emocional-juvenil-se-vuelve-prioridad-en-agenda-educativa\/","name":"Salud emocional juvenil se vuelve prioridad en agenda educativa | despertador mx","isPartOf":{"@id":"https:\/\/despertadormx.mx\/#website"},"primaryImageOfPage":{"@id":"https:\/\/despertadormx.mx\/index.php\/2026\/04\/27\/salud-emocional-juvenil-se-vuelve-prioridad-en-agenda-educativa\/#primaryimage"},"image":{"@id":"https:\/\/despertadormx.mx\/index.php\/2026\/04\/27\/salud-emocional-juvenil-se-vuelve-prioridad-en-agenda-educativa\/#primaryimage"},"thumbnailUrl":"https:\/\/despertadormx.mx\/wp-content\/uploads\/2026\/04\/9-1-4.png","datePublished":"2026-04-27T18:53:47+00:00","dateModified":"2026-04-27T18:53:48+00:00","breadcrumb":{"@id":"https:\/\/despertadormx.mx\/index.php\/2026\/04\/27\/salud-emocional-juvenil-se-vuelve-prioridad-en-agenda-educativa\/#breadcrumb"},"inLanguage":"es","potentialAction":[{"@type":"ReadAction","target":["https:\/\/despertadormx.mx\/index.php\/2026\/04\/27\/salud-emocional-juvenil-se-vuelve-prioridad-en-agenda-educativa\/"]}]},{"@type":"ImageObject","inLanguage":"es","@id":"https:\/\/despertadormx.mx\/index.php\/2026\/04\/27\/salud-emocional-juvenil-se-vuelve-prioridad-en-agenda-educativa\/#primaryimage","url":"https:\/\/despertadormx.mx\/wp-content\/uploads\/2026\/04\/9-1-4.png","contentUrl":"https:\/\/despertadormx.mx\/wp-content\/uploads\/2026\/04\/9-1-4.png","width":1200,"height":722},{"@type":"BreadcrumbList","@id":"https:\/\/despertadormx.mx\/index.php\/2026\/04\/27\/salud-emocional-juvenil-se-vuelve-prioridad-en-agenda-educativa\/#breadcrumb","itemListElement":[{"@type":"ListItem","position":1,"name":"Inicio","item":"https:\/\/olive-porpoise-471889.hostingersite.com\/"},{"@type":"ListItem","position":2,"name":"Salud emocional juvenil se vuelve prioridad en agenda educativa"}]},{"@type":"WebSite","@id":"https:\/\/despertadormx.mx\/#website","url":"https:\/\/despertadormx.mx\/","name":"despertador mx","description":"","publisher":{"@id":"https:\/\/despertadormx.mx\/#organization"},"potentialAction":[{"@type":"SearchAction","target":{"@type":"EntryPoint","urlTemplate":"https:\/\/despertadormx.mx\/?s={search_term_string}"},"query-input":{"@type":"PropertyValueSpecification","valueRequired":true,"valueName":"search_term_string"}}],"inLanguage":"es"},{"@type":"Organization","@id":"https:\/\/despertadormx.mx\/#organization","name":"despertador mx","url":"https:\/\/despertadormx.mx\/","logo":{"@type":"ImageObject","inLanguage":"es","@id":"https:\/\/despertadormx.mx\/#\/schema\/logo\/image\/","url":"https:\/\/despertadormx.mx\/wp-content\/uploads\/2025\/05\/LOGO-DESPERTADOR-1-scaled.png","contentUrl":"https:\/\/despertadormx.mx\/wp-content\/uploads\/2025\/05\/LOGO-DESPERTADOR-1-scaled.png","width":2560,"height":2370,"caption":"despertador mx"},"image":{"@id":"https:\/\/despertadormx.mx\/#\/schema\/logo\/image\/"},"sameAs":["https:\/\/www.facebook.com\/despertadom","https:\/\/www.instagram.com\/despertador.m.x?igsh=MTcwYzRjYjdqMm11cA&utm_source=qr","https:\/\/www.youtube.com\/@despertador.m.x"]},{"@type":"Person","@id":"https:\/\/despertadormx.mx\/#\/schema\/person\/130b3808b7cb2ae87c9b8ed44afef513","name":"despertadormx.com","image":{"@type":"ImageObject","inLanguage":"es","@id":"https:\/\/secure.gravatar.com\/avatar\/f8f56db645af77135d63bea778a5507315c09e61c16020554b24c7c6a10f1221?s=96&d=mm&r=g","url":"https:\/\/secure.gravatar.com\/avatar\/f8f56db645af77135d63bea778a5507315c09e61c16020554b24c7c6a10f1221?s=96&d=mm&r=g","contentUrl":"https:\/\/secure.gravatar.com\/avatar\/f8f56db645af77135d63bea778a5507315c09e61c16020554b24c7c6a10f1221?s=96&d=mm&r=g","caption":"despertadormx.com"},"sameAs":["https:\/\/despertadormx.mx"],"url":"https:\/\/despertadormx.mx\/index.php\/author\/despertadormx-com\/"}]}},"rttpg_featured_image_url":{"full":["https:\/\/despertadormx.mx\/wp-content\/uploads\/2026\/04\/9-1-4.png",1200,722,false],"landscape":["https:\/\/despertadormx.mx\/wp-content\/uploads\/2026\/04\/9-1-4.png",1200,722,false],"portraits":["https:\/\/despertadormx.mx\/wp-content\/uploads\/2026\/04\/9-1-4.png",1200,722,false],"thumbnail":["https:\/\/despertadormx.mx\/wp-content\/uploads\/2026\/04\/9-1-4-150x150.png",150,150,true],"medium":["https:\/\/despertadormx.mx\/wp-content\/uploads\/2026\/04\/9-1-4-300x181.png",300,181,true],"large":["https:\/\/despertadormx.mx\/wp-content\/uploads\/2026\/04\/9-1-4-1024x616.png",640,385,true],"1536x1536":["https:\/\/despertadormx.mx\/wp-content\/uploads\/2026\/04\/9-1-4.png",1200,722,false],"2048x2048":["https:\/\/despertadormx.mx\/wp-content\/uploads\/2026\/04\/9-1-4.png",1200,722,false],"newsup-slider-full":["https:\/\/despertadormx.mx\/wp-content\/uploads\/2026\/04\/9-1-4-1200x720.png",1200,720,true],"newsup-featured":["https:\/\/despertadormx.mx\/wp-content\/uploads\/2026\/04\/9-1-4-1024x616.png",1024,616,true],"newsup-medium":["https:\/\/despertadormx.mx\/wp-content\/uploads\/2026\/04\/9-1-4-720x380.png",720,380,true]},"rttpg_author":{"display_name":"despertadormx.com","author_link":"https:\/\/despertadormx.mx\/index.php\/author\/despertadormx-com\/"},"rttpg_comment":0,"rttpg_category":"<a href=\"https:\/\/despertadormx.mx\/index.php\/category\/analisis\/\" rel=\"category tag\">An\u00e1lisis<\/a>","rttpg_excerpt":"El bienestar socioemocional de j\u00f3venes se ha consolidado como un desaf\u00edo central en el sistema educativo, en un contexto marcado por cambios sociales, tecnol\u00f3gicos y familiares. Experiencias en aulas reflejan que estudiantes enfrentan incertidumbre, presi\u00f3n social y falta de acompa\u00f1amiento emocional, factores que impactan directamente en su desarrollo y desempe\u00f1o acad\u00e9mico. La reciente Estrategia Nacional&hellip;","_links":{"self":[{"href":"https:\/\/despertadormx.mx\/index.php\/wp-json\/wp\/v2\/posts\/13546","targetHints":{"allow":["GET"]}}],"collection":[{"href":"https:\/\/despertadormx.mx\/index.php\/wp-json\/wp\/v2\/posts"}],"about":[{"href":"https:\/\/despertadormx.mx\/index.php\/wp-json\/wp\/v2\/types\/post"}],"author":[{"embeddable":true,"href":"https:\/\/despertadormx.mx\/index.php\/wp-json\/wp\/v2\/users\/1"}],"replies":[{"embeddable":true,"href":"https:\/\/despertadormx.mx\/index.php\/wp-json\/wp\/v2\/comments?post=13546"}],"version-history":[{"count":1,"href":"https:\/\/despertadormx.mx\/index.php\/wp-json\/wp\/v2\/posts\/13546\/revisions"}],"predecessor-version":[{"id":13547,"href":"https:\/\/despertadormx.mx\/index.php\/wp-json\/wp\/v2\/posts\/13546\/revisions\/13547"}],"wp:featuredmedia":[{"embeddable":true,"href":"https:\/\/despertadormx.mx\/index.php\/wp-json\/wp\/v2\/media\/13536"}],"wp:attachment":[{"href":"https:\/\/despertadormx.mx\/index.php\/wp-json\/wp\/v2\/media?parent=13546"}],"wp:term":[{"taxonomy":"category","embeddable":true,"href":"https:\/\/despertadormx.mx\/index.php\/wp-json\/wp\/v2\/categories?post=13546"},{"taxonomy":"post_tag","embeddable":true,"href":"https:\/\/despertadormx.mx\/index.php\/wp-json\/wp\/v2\/tags?post=13546"}],"curies":[{"name":"wp","href":"https:\/\/api.w.org\/{rel}","templated":true}]}}