{"id":13538,"date":"2026-04-27T12:51:23","date_gmt":"2026-04-27T18:51:23","guid":{"rendered":"https:\/\/despertadormx.mx\/?p=13538"},"modified":"2026-04-27T12:51:24","modified_gmt":"2026-04-27T18:51:24","slug":"proponen-ampliar-licencia-de-maternidad-buscan-garantizar-salud-materno-infantil-laboral","status":"publish","type":"post","link":"https:\/\/despertadormx.mx\/index.php\/2026\/04\/27\/proponen-ampliar-licencia-de-maternidad-buscan-garantizar-salud-materno-infantil-laboral\/","title":{"rendered":"Proponen ampliar licencia de maternidad Buscan garantizar salud materno infantil laboral"},"content":{"rendered":"\n<p>El diputado C\u00e9sar Israel Dami\u00e1n Retes present\u00f3 una iniciativa para ampliar la licencia de maternidad con goce de sueldo a 52 semanas posteriores al parto, con el objetivo de fortalecer la protecci\u00f3n de las madres trabajadoras y el bienestar de la infancia. La propuesta contempla que seis semanas puedan tomarse antes del nacimiento.<\/p>\n\n\n\n<p>El proyecto tambi\u00e9n prev\u00e9 ampliar el descanso en casos de discapacidad o atenci\u00f3n m\u00e9dica del reci\u00e9n nacido, as\u00ed como otorgar el mismo beneficio en procesos de adopci\u00f3n. Adem\u00e1s, plantea una licencia adicional sin goce de sueldo de hasta 26 semanas, garantizando el derecho a la reincorporaci\u00f3n laboral.<\/p>\n\n\n\n<p>La iniciativa busca armonizar las condiciones laborales con las necesidades familiares, ante los retos que enfrentan las mujeres para conciliar trabajo y cuidado. Asimismo, destaca la necesidad de fortalecer la lactancia y reducir la desigualdad en el acceso a prestaciones laborales.<\/p>\n","protected":false},"excerpt":{"rendered":"<p>El diputado C\u00e9sar Israel Dami\u00e1n Retes present\u00f3 una iniciativa para ampliar la licencia de maternidad con goce de sueldo a 52 semanas posteriores al parto, con el objetivo de fortalecer la protecci\u00f3n de las madres trabajadoras y el bienestar de la infancia. La propuesta contempla que seis semanas puedan tomarse antes del nacimiento. El proyecto [&hellip;]<\/p>\n","protected":false},"author":1,"featured_media":13529,"comment_status":"open","ping_status":"open","sticky":false,"template":"","format":"standard","meta":{"footnotes":""},"categories":[1144],"tags":[],"class_list":["post-13538","post","type-post","status-publish","format-standard","has-post-thumbnail","hentry","category-politica-nacional"],"yoast_head":"<!-- This site is optimized with the Yoast SEO plugin v27.4 - https:\/\/yoast.com\/product\/yoast-seo-wordpress\/ -->\n<title>Proponen ampliar licencia de maternidad Buscan garantizar salud materno infantil laboral | despertador mx<\/title>\n<meta name=\"robots\" content=\"index, follow, max-snippet:-1, max-image-preview:large, max-video-preview:-1\" \/>\n<link rel=\"canonical\" href=\"https:\/\/despertadormx.mx\/index.php\/2026\/04\/27\/proponen-ampliar-licencia-de-maternidad-buscan-garantizar-salud-materno-infantil-laboral\/\" \/>\n<meta property=\"og:locale\" content=\"es_MX\" \/>\n<meta property=\"og:type\" content=\"article\" \/>\n<meta property=\"og:title\" content=\"Proponen ampliar licencia de maternidad Buscan garantizar salud materno infantil laboral | despertador mx\" \/>\n<meta property=\"og:description\" content=\"El diputado C\u00e9sar Israel Dami\u00e1n Retes present\u00f3 una iniciativa para ampliar la licencia de maternidad con goce de sueldo a 52 semanas posteriores al parto, con el objetivo de fortalecer la protecci\u00f3n de las madres trabajadoras y el bienestar de la infancia. La propuesta contempla que seis semanas puedan tomarse antes del nacimiento. El proyecto [&hellip;]\" \/>\n<meta property=\"og:url\" content=\"https:\/\/despertadormx.mx\/index.php\/2026\/04\/27\/proponen-ampliar-licencia-de-maternidad-buscan-garantizar-salud-materno-infantil-laboral\/\" \/>\n<meta property=\"og:site_name\" content=\"despertador mx\" \/>\n<meta property=\"article:publisher\" content=\"https:\/\/www.facebook.com\/despertadom\" \/>\n<meta property=\"article:published_time\" content=\"2026-04-27T18:51:23+00:00\" \/>\n<meta property=\"article:modified_time\" content=\"2026-04-27T18:51:24+00:00\" \/>\n<meta property=\"og:image\" content=\"https:\/\/despertadormx.mx\/wp-content\/uploads\/2026\/04\/2-1-4.png\" \/>\n\t<meta property=\"og:image:width\" content=\"1200\" \/>\n\t<meta property=\"og:image:height\" content=\"722\" \/>\n\t<meta property=\"og:image:type\" content=\"image\/png\" \/>\n<meta name=\"author\" content=\"despertadormx.com\" \/>\n<meta name=\"twitter:card\" content=\"summary_large_image\" \/>\n<meta name=\"twitter:label1\" content=\"Escrito por\" \/>\n\t<meta name=\"twitter:data1\" content=\"despertadormx.com\" \/>\n\t<meta name=\"twitter:label2\" content=\"Tiempo de lectura\" \/>\n\t<meta name=\"twitter:data2\" content=\"1 minuto\" \/>\n<script type=\"application\/ld+json\" class=\"yoast-schema-graph\">{\"@context\":\"https:\\\/\\\/schema.org\",\"@graph\":[{\"@type\":\"Article\",\"@id\":\"https:\\\/\\\/despertadormx.mx\\\/index.php\\\/2026\\\/04\\\/27\\\/proponen-ampliar-licencia-de-maternidad-buscan-garantizar-salud-materno-infantil-laboral\\\/#article\",\"isPartOf\":{\"@id\":\"https:\\\/\\\/despertadormx.mx\\\/index.php\\\/2026\\\/04\\\/27\\\/proponen-ampliar-licencia-de-maternidad-buscan-garantizar-salud-materno-infantil-laboral\\\/\"},\"author\":{\"name\":\"despertadormx.com\",\"@id\":\"https:\\\/\\\/despertadormx.mx\\\/#\\\/schema\\\/person\\\/130b3808b7cb2ae87c9b8ed44afef513\"},\"headline\":\"Proponen ampliar licencia de maternidad Buscan garantizar salud materno infantil laboral\",\"datePublished\":\"2026-04-27T18:51:23+00:00\",\"dateModified\":\"2026-04-27T18:51:24+00:00\",\"mainEntityOfPage\":{\"@id\":\"https:\\\/\\\/despertadormx.mx\\\/index.php\\\/2026\\\/04\\\/27\\\/proponen-ampliar-licencia-de-maternidad-buscan-garantizar-salud-materno-infantil-laboral\\\/\"},\"wordCount\":160,\"commentCount\":0,\"publisher\":{\"@id\":\"https:\\\/\\\/despertadormx.mx\\\/#organization\"},\"image\":{\"@id\":\"https:\\\/\\\/despertadormx.mx\\\/index.php\\\/2026\\\/04\\\/27\\\/proponen-ampliar-licencia-de-maternidad-buscan-garantizar-salud-materno-infantil-laboral\\\/#primaryimage\"},\"thumbnailUrl\":\"https:\\\/\\\/despertadormx.mx\\\/wp-content\\\/uploads\\\/2026\\\/04\\\/2-1-4.png\",\"articleSection\":[\"Pol\u00edtica Nacional\"],\"inLanguage\":\"es\",\"potentialAction\":[{\"@type\":\"CommentAction\",\"name\":\"Comment\",\"target\":[\"https:\\\/\\\/despertadormx.mx\\\/index.php\\\/2026\\\/04\\\/27\\\/proponen-ampliar-licencia-de-maternidad-buscan-garantizar-salud-materno-infantil-laboral\\\/#respond\"]}]},{\"@type\":\"WebPage\",\"@id\":\"https:\\\/\\\/despertadormx.mx\\\/index.php\\\/2026\\\/04\\\/27\\\/proponen-ampliar-licencia-de-maternidad-buscan-garantizar-salud-materno-infantil-laboral\\\/\",\"url\":\"https:\\\/\\\/despertadormx.mx\\\/index.php\\\/2026\\\/04\\\/27\\\/proponen-ampliar-licencia-de-maternidad-buscan-garantizar-salud-materno-infantil-laboral\\\/\",\"name\":\"Proponen ampliar licencia de maternidad Buscan garantizar salud materno infantil laboral | despertador mx\",\"isPartOf\":{\"@id\":\"https:\\\/\\\/despertadormx.mx\\\/#website\"},\"primaryImageOfPage\":{\"@id\":\"https:\\\/\\\/despertadormx.mx\\\/index.php\\\/2026\\\/04\\\/27\\\/proponen-ampliar-licencia-de-maternidad-buscan-garantizar-salud-materno-infantil-laboral\\\/#primaryimage\"},\"image\":{\"@id\":\"https:\\\/\\\/despertadormx.mx\\\/index.php\\\/2026\\\/04\\\/27\\\/proponen-ampliar-licencia-de-maternidad-buscan-garantizar-salud-materno-infantil-laboral\\\/#primaryimage\"},\"thumbnailUrl\":\"https:\\\/\\\/despertadormx.mx\\\/wp-content\\\/uploads\\\/2026\\\/04\\\/2-1-4.png\",\"datePublished\":\"2026-04-27T18:51:23+00:00\",\"dateModified\":\"2026-04-27T18:51:24+00:00\",\"breadcrumb\":{\"@id\":\"https:\\\/\\\/despertadormx.mx\\\/index.php\\\/2026\\\/04\\\/27\\\/proponen-ampliar-licencia-de-maternidad-buscan-garantizar-salud-materno-infantil-laboral\\\/#breadcrumb\"},\"inLanguage\":\"es\",\"potentialAction\":[{\"@type\":\"ReadAction\",\"target\":[\"https:\\\/\\\/despertadormx.mx\\\/index.php\\\/2026\\\/04\\\/27\\\/proponen-ampliar-licencia-de-maternidad-buscan-garantizar-salud-materno-infantil-laboral\\\/\"]}]},{\"@type\":\"ImageObject\",\"inLanguage\":\"es\",\"@id\":\"https:\\\/\\\/despertadormx.mx\\\/index.php\\\/2026\\\/04\\\/27\\\/proponen-ampliar-licencia-de-maternidad-buscan-garantizar-salud-materno-infantil-laboral\\\/#primaryimage\",\"url\":\"https:\\\/\\\/despertadormx.mx\\\/wp-content\\\/uploads\\\/2026\\\/04\\\/2-1-4.png\",\"contentUrl\":\"https:\\\/\\\/despertadormx.mx\\\/wp-content\\\/uploads\\\/2026\\\/04\\\/2-1-4.png\",\"width\":1200,\"height\":722},{\"@type\":\"BreadcrumbList\",\"@id\":\"https:\\\/\\\/despertadormx.mx\\\/index.php\\\/2026\\\/04\\\/27\\\/proponen-ampliar-licencia-de-maternidad-buscan-garantizar-salud-materno-infantil-laboral\\\/#breadcrumb\",\"itemListElement\":[{\"@type\":\"ListItem\",\"position\":1,\"name\":\"Inicio\",\"item\":\"https:\\\/\\\/olive-porpoise-471889.hostingersite.com\\\/\"},{\"@type\":\"ListItem\",\"position\":2,\"name\":\"Proponen ampliar licencia de maternidad Buscan garantizar salud materno infantil laboral\"}]},{\"@type\":\"WebSite\",\"@id\":\"https:\\\/\\\/despertadormx.mx\\\/#website\",\"url\":\"https:\\\/\\\/despertadormx.mx\\\/\",\"name\":\"despertador mx\",\"description\":\"\",\"publisher\":{\"@id\":\"https:\\\/\\\/despertadormx.mx\\\/#organization\"},\"potentialAction\":[{\"@type\":\"SearchAction\",\"target\":{\"@type\":\"EntryPoint\",\"urlTemplate\":\"https:\\\/\\\/despertadormx.mx\\\/?s={search_term_string}\"},\"query-input\":{\"@type\":\"PropertyValueSpecification\",\"valueRequired\":true,\"valueName\":\"search_term_string\"}}],\"inLanguage\":\"es\"},{\"@type\":\"Organization\",\"@id\":\"https:\\\/\\\/despertadormx.mx\\\/#organization\",\"name\":\"despertador mx\",\"url\":\"https:\\\/\\\/despertadormx.mx\\\/\",\"logo\":{\"@type\":\"ImageObject\",\"inLanguage\":\"es\",\"@id\":\"https:\\\/\\\/despertadormx.mx\\\/#\\\/schema\\\/logo\\\/image\\\/\",\"url\":\"https:\\\/\\\/despertadormx.mx\\\/wp-content\\\/uploads\\\/2025\\\/05\\\/LOGO-DESPERTADOR-1-scaled.png\",\"contentUrl\":\"https:\\\/\\\/despertadormx.mx\\\/wp-content\\\/uploads\\\/2025\\\/05\\\/LOGO-DESPERTADOR-1-scaled.png\",\"width\":2560,\"height\":2370,\"caption\":\"despertador mx\"},\"image\":{\"@id\":\"https:\\\/\\\/despertadormx.mx\\\/#\\\/schema\\\/logo\\\/image\\\/\"},\"sameAs\":[\"https:\\\/\\\/www.facebook.com\\\/despertadom\",\"https:\\\/\\\/www.instagram.com\\\/despertador.m.x?igsh=MTcwYzRjYjdqMm11cA&utm_source=qr\",\"https:\\\/\\\/www.youtube.com\\\/@despertador.m.x\"]},{\"@type\":\"Person\",\"@id\":\"https:\\\/\\\/despertadormx.mx\\\/#\\\/schema\\\/person\\\/130b3808b7cb2ae87c9b8ed44afef513\",\"name\":\"despertadormx.com\",\"image\":{\"@type\":\"ImageObject\",\"inLanguage\":\"es\",\"@id\":\"https:\\\/\\\/secure.gravatar.com\\\/avatar\\\/f8f56db645af77135d63bea778a5507315c09e61c16020554b24c7c6a10f1221?s=96&d=mm&r=g\",\"url\":\"https:\\\/\\\/secure.gravatar.com\\\/avatar\\\/f8f56db645af77135d63bea778a5507315c09e61c16020554b24c7c6a10f1221?s=96&d=mm&r=g\",\"contentUrl\":\"https:\\\/\\\/secure.gravatar.com\\\/avatar\\\/f8f56db645af77135d63bea778a5507315c09e61c16020554b24c7c6a10f1221?s=96&d=mm&r=g\",\"caption\":\"despertadormx.com\"},\"sameAs\":[\"https:\\\/\\\/despertadormx.mx\"],\"url\":\"https:\\\/\\\/despertadormx.mx\\\/index.php\\\/author\\\/despertadormx-com\\\/\"}]}<\/script>\n<!-- \/ Yoast SEO plugin. -->","yoast_head_json":{"title":"Proponen ampliar licencia de maternidad Buscan garantizar salud materno infantil laboral | despertador mx","robots":{"index":"index","follow":"follow","max-snippet":"max-snippet:-1","max-image-preview":"max-image-preview:large","max-video-preview":"max-video-preview:-1"},"canonical":"https:\/\/despertadormx.mx\/index.php\/2026\/04\/27\/proponen-ampliar-licencia-de-maternidad-buscan-garantizar-salud-materno-infantil-laboral\/","og_locale":"es_MX","og_type":"article","og_title":"Proponen ampliar licencia de maternidad Buscan garantizar salud materno infantil laboral | despertador mx","og_description":"El diputado C\u00e9sar Israel Dami\u00e1n Retes present\u00f3 una iniciativa para ampliar la licencia de maternidad con goce de sueldo a 52 semanas posteriores al parto, con el objetivo de fortalecer la protecci\u00f3n de las madres trabajadoras y el bienestar de la infancia. La propuesta contempla que seis semanas puedan tomarse antes del nacimiento. El proyecto [&hellip;]","og_url":"https:\/\/despertadormx.mx\/index.php\/2026\/04\/27\/proponen-ampliar-licencia-de-maternidad-buscan-garantizar-salud-materno-infantil-laboral\/","og_site_name":"despertador mx","article_publisher":"https:\/\/www.facebook.com\/despertadom","article_published_time":"2026-04-27T18:51:23+00:00","article_modified_time":"2026-04-27T18:51:24+00:00","og_image":[{"width":1200,"height":722,"url":"https:\/\/despertadormx.mx\/wp-content\/uploads\/2026\/04\/2-1-4.png","type":"image\/png"}],"author":"despertadormx.com","twitter_card":"summary_large_image","twitter_misc":{"Escrito por":"despertadormx.com","Tiempo de lectura":"1 minuto"},"schema":{"@context":"https:\/\/schema.org","@graph":[{"@type":"Article","@id":"https:\/\/despertadormx.mx\/index.php\/2026\/04\/27\/proponen-ampliar-licencia-de-maternidad-buscan-garantizar-salud-materno-infantil-laboral\/#article","isPartOf":{"@id":"https:\/\/despertadormx.mx\/index.php\/2026\/04\/27\/proponen-ampliar-licencia-de-maternidad-buscan-garantizar-salud-materno-infantil-laboral\/"},"author":{"name":"despertadormx.com","@id":"https:\/\/despertadormx.mx\/#\/schema\/person\/130b3808b7cb2ae87c9b8ed44afef513"},"headline":"Proponen ampliar licencia de maternidad Buscan garantizar salud materno infantil laboral","datePublished":"2026-04-27T18:51:23+00:00","dateModified":"2026-04-27T18:51:24+00:00","mainEntityOfPage":{"@id":"https:\/\/despertadormx.mx\/index.php\/2026\/04\/27\/proponen-ampliar-licencia-de-maternidad-buscan-garantizar-salud-materno-infantil-laboral\/"},"wordCount":160,"commentCount":0,"publisher":{"@id":"https:\/\/despertadormx.mx\/#organization"},"image":{"@id":"https:\/\/despertadormx.mx\/index.php\/2026\/04\/27\/proponen-ampliar-licencia-de-maternidad-buscan-garantizar-salud-materno-infantil-laboral\/#primaryimage"},"thumbnailUrl":"https:\/\/despertadormx.mx\/wp-content\/uploads\/2026\/04\/2-1-4.png","articleSection":["Pol\u00edtica Nacional"],"inLanguage":"es","potentialAction":[{"@type":"CommentAction","name":"Comment","target":["https:\/\/despertadormx.mx\/index.php\/2026\/04\/27\/proponen-ampliar-licencia-de-maternidad-buscan-garantizar-salud-materno-infantil-laboral\/#respond"]}]},{"@type":"WebPage","@id":"https:\/\/despertadormx.mx\/index.php\/2026\/04\/27\/proponen-ampliar-licencia-de-maternidad-buscan-garantizar-salud-materno-infantil-laboral\/","url":"https:\/\/despertadormx.mx\/index.php\/2026\/04\/27\/proponen-ampliar-licencia-de-maternidad-buscan-garantizar-salud-materno-infantil-laboral\/","name":"Proponen ampliar licencia de maternidad Buscan garantizar salud materno infantil laboral | despertador mx","isPartOf":{"@id":"https:\/\/despertadormx.mx\/#website"},"primaryImageOfPage":{"@id":"https:\/\/despertadormx.mx\/index.php\/2026\/04\/27\/proponen-ampliar-licencia-de-maternidad-buscan-garantizar-salud-materno-infantil-laboral\/#primaryimage"},"image":{"@id":"https:\/\/despertadormx.mx\/index.php\/2026\/04\/27\/proponen-ampliar-licencia-de-maternidad-buscan-garantizar-salud-materno-infantil-laboral\/#primaryimage"},"thumbnailUrl":"https:\/\/despertadormx.mx\/wp-content\/uploads\/2026\/04\/2-1-4.png","datePublished":"2026-04-27T18:51:23+00:00","dateModified":"2026-04-27T18:51:24+00:00","breadcrumb":{"@id":"https:\/\/despertadormx.mx\/index.php\/2026\/04\/27\/proponen-ampliar-licencia-de-maternidad-buscan-garantizar-salud-materno-infantil-laboral\/#breadcrumb"},"inLanguage":"es","potentialAction":[{"@type":"ReadAction","target":["https:\/\/despertadormx.mx\/index.php\/2026\/04\/27\/proponen-ampliar-licencia-de-maternidad-buscan-garantizar-salud-materno-infantil-laboral\/"]}]},{"@type":"ImageObject","inLanguage":"es","@id":"https:\/\/despertadormx.mx\/index.php\/2026\/04\/27\/proponen-ampliar-licencia-de-maternidad-buscan-garantizar-salud-materno-infantil-laboral\/#primaryimage","url":"https:\/\/despertadormx.mx\/wp-content\/uploads\/2026\/04\/2-1-4.png","contentUrl":"https:\/\/despertadormx.mx\/wp-content\/uploads\/2026\/04\/2-1-4.png","width":1200,"height":722},{"@type":"BreadcrumbList","@id":"https:\/\/despertadormx.mx\/index.php\/2026\/04\/27\/proponen-ampliar-licencia-de-maternidad-buscan-garantizar-salud-materno-infantil-laboral\/#breadcrumb","itemListElement":[{"@type":"ListItem","position":1,"name":"Inicio","item":"https:\/\/olive-porpoise-471889.hostingersite.com\/"},{"@type":"ListItem","position":2,"name":"Proponen ampliar licencia de maternidad Buscan garantizar salud materno infantil laboral"}]},{"@type":"WebSite","@id":"https:\/\/despertadormx.mx\/#website","url":"https:\/\/despertadormx.mx\/","name":"despertador mx","description":"","publisher":{"@id":"https:\/\/despertadormx.mx\/#organization"},"potentialAction":[{"@type":"SearchAction","target":{"@type":"EntryPoint","urlTemplate":"https:\/\/despertadormx.mx\/?s={search_term_string}"},"query-input":{"@type":"PropertyValueSpecification","valueRequired":true,"valueName":"search_term_string"}}],"inLanguage":"es"},{"@type":"Organization","@id":"https:\/\/despertadormx.mx\/#organization","name":"despertador mx","url":"https:\/\/despertadormx.mx\/","logo":{"@type":"ImageObject","inLanguage":"es","@id":"https:\/\/despertadormx.mx\/#\/schema\/logo\/image\/","url":"https:\/\/despertadormx.mx\/wp-content\/uploads\/2025\/05\/LOGO-DESPERTADOR-1-scaled.png","contentUrl":"https:\/\/despertadormx.mx\/wp-content\/uploads\/2025\/05\/LOGO-DESPERTADOR-1-scaled.png","width":2560,"height":2370,"caption":"despertador mx"},"image":{"@id":"https:\/\/despertadormx.mx\/#\/schema\/logo\/image\/"},"sameAs":["https:\/\/www.facebook.com\/despertadom","https:\/\/www.instagram.com\/despertador.m.x?igsh=MTcwYzRjYjdqMm11cA&utm_source=qr","https:\/\/www.youtube.com\/@despertador.m.x"]},{"@type":"Person","@id":"https:\/\/despertadormx.mx\/#\/schema\/person\/130b3808b7cb2ae87c9b8ed44afef513","name":"despertadormx.com","image":{"@type":"ImageObject","inLanguage":"es","@id":"https:\/\/secure.gravatar.com\/avatar\/f8f56db645af77135d63bea778a5507315c09e61c16020554b24c7c6a10f1221?s=96&d=mm&r=g","url":"https:\/\/secure.gravatar.com\/avatar\/f8f56db645af77135d63bea778a5507315c09e61c16020554b24c7c6a10f1221?s=96&d=mm&r=g","contentUrl":"https:\/\/secure.gravatar.com\/avatar\/f8f56db645af77135d63bea778a5507315c09e61c16020554b24c7c6a10f1221?s=96&d=mm&r=g","caption":"despertadormx.com"},"sameAs":["https:\/\/despertadormx.mx"],"url":"https:\/\/despertadormx.mx\/index.php\/author\/despertadormx-com\/"}]}},"rttpg_featured_image_url":{"full":["https:\/\/despertadormx.mx\/wp-content\/uploads\/2026\/04\/2-1-4.png",1200,722,false],"landscape":["https:\/\/despertadormx.mx\/wp-content\/uploads\/2026\/04\/2-1-4.png",1200,722,false],"portraits":["https:\/\/despertadormx.mx\/wp-content\/uploads\/2026\/04\/2-1-4.png",1200,722,false],"thumbnail":["https:\/\/despertadormx.mx\/wp-content\/uploads\/2026\/04\/2-1-4-150x150.png",150,150,true],"medium":["https:\/\/despertadormx.mx\/wp-content\/uploads\/2026\/04\/2-1-4-300x181.png",300,181,true],"large":["https:\/\/despertadormx.mx\/wp-content\/uploads\/2026\/04\/2-1-4-1024x616.png",640,385,true],"1536x1536":["https:\/\/despertadormx.mx\/wp-content\/uploads\/2026\/04\/2-1-4.png",1200,722,false],"2048x2048":["https:\/\/despertadormx.mx\/wp-content\/uploads\/2026\/04\/2-1-4.png",1200,722,false],"newsup-slider-full":["https:\/\/despertadormx.mx\/wp-content\/uploads\/2026\/04\/2-1-4-1200x720.png",1200,720,true],"newsup-featured":["https:\/\/despertadormx.mx\/wp-content\/uploads\/2026\/04\/2-1-4-1024x616.png",1024,616,true],"newsup-medium":["https:\/\/despertadormx.mx\/wp-content\/uploads\/2026\/04\/2-1-4-720x380.png",720,380,true]},"rttpg_author":{"display_name":"despertadormx.com","author_link":"https:\/\/despertadormx.mx\/index.php\/author\/despertadormx-com\/"},"rttpg_comment":0,"rttpg_category":"<a href=\"https:\/\/despertadormx.mx\/index.php\/category\/politica-nacional\/\" rel=\"category tag\">Pol\u00edtica Nacional<\/a>","rttpg_excerpt":"El diputado C\u00e9sar Israel Dami\u00e1n Retes present\u00f3 una iniciativa para ampliar la licencia de maternidad con goce de sueldo a 52 semanas posteriores al parto, con el objetivo de fortalecer la protecci\u00f3n de las madres trabajadoras y el bienestar de la infancia. La propuesta contempla que seis semanas puedan tomarse antes del nacimiento. El proyecto&hellip;","_links":{"self":[{"href":"https:\/\/despertadormx.mx\/index.php\/wp-json\/wp\/v2\/posts\/13538","targetHints":{"allow":["GET"]}}],"collection":[{"href":"https:\/\/despertadormx.mx\/index.php\/wp-json\/wp\/v2\/posts"}],"about":[{"href":"https:\/\/despertadormx.mx\/index.php\/wp-json\/wp\/v2\/types\/post"}],"author":[{"embeddable":true,"href":"https:\/\/despertadormx.mx\/index.php\/wp-json\/wp\/v2\/users\/1"}],"replies":[{"embeddable":true,"href":"https:\/\/despertadormx.mx\/index.php\/wp-json\/wp\/v2\/comments?post=13538"}],"version-history":[{"count":1,"href":"https:\/\/despertadormx.mx\/index.php\/wp-json\/wp\/v2\/posts\/13538\/revisions"}],"predecessor-version":[{"id":13539,"href":"https:\/\/despertadormx.mx\/index.php\/wp-json\/wp\/v2\/posts\/13538\/revisions\/13539"}],"wp:featuredmedia":[{"embeddable":true,"href":"https:\/\/despertadormx.mx\/index.php\/wp-json\/wp\/v2\/media\/13529"}],"wp:attachment":[{"href":"https:\/\/despertadormx.mx\/index.php\/wp-json\/wp\/v2\/media?parent=13538"}],"wp:term":[{"taxonomy":"category","embeddable":true,"href":"https:\/\/despertadormx.mx\/index.php\/wp-json\/wp\/v2\/categories?post=13538"},{"taxonomy":"post_tag","embeddable":true,"href":"https:\/\/despertadormx.mx\/index.php\/wp-json\/wp\/v2\/tags?post=13538"}],"curies":[{"name":"wp","href":"https:\/\/api.w.org\/{rel}","templated":true}]}}